{"id":450,"date":"2026-01-01T08:07:00","date_gmt":"2026-01-01T14:07:00","guid":{"rendered":"https:\/\/revistaece.dataware.cloud\/?p=450"},"modified":"2025-09-24T07:56:44","modified_gmt":"2025-09-24T13:56:44","slug":"la-escuela-como-totalidad-los-entornos-de-desarrollo-biopsicosocial-de-los-estudiantes-de-telesecundaria","status":"publish","type":"post","link":"https:\/\/revistaece.dataware.cloud\/?p=450","title":{"rendered":"La Escuela Como Totalidad: Los Entornos de Desarrollo Biopsicosocial de los Estudiantes de Telesecundaria"},"content":{"rendered":"\n<p class=\"has-text-align-center\"><strong>Claudi\u00e1n Coral Ju\u00e1rez Sol\u00eds<\/strong><\/p>\n\n\n\n<div class=\"wp-block-uagb-buttons uagb-buttons__outer-wrap uagb-btn__default-btn uagb-btn-tablet__default-btn uagb-btn-mobile__default-btn uagb-block-f4837a9c\"><div class=\"uagb-buttons__wrap uagb-buttons-layout-wrap \">\n<div class=\"wp-block-uagb-buttons-child uagb-buttons__outer-wrap uagb-block-6306a4b9 wp-block-button\"><div class=\"uagb-button__wrapper\"><a class=\"uagb-buttons-repeater wp-block-button__link\" aria-label=\"\" href=\"https:\/\/www.amazon.com.mx\/dp\/B0FP2Y8CFB\/ref=nav_ya_signin?__mk_es_MX=%C3%85M%C3%85%C5%BD%C3%95%C3%91&amp;crid=1B8PE2MAL04G&amp;dib=eyJ2IjoiMSJ9.kliAuf-VcYOXUNpA9rp3nfcwJMtL9GqSiu83113a84xolC87b0_ygwOj-h9-fm-2OxVNeEFfgXt3rU-kkDwJimAd4HUwUo55OkV51pz1Mek.G69R4KNyHEBDk918fy7SXA3ntIrbOC3iIZTB9qXT8Ao&amp;dib_tag=se&amp;keywords=REVISTA+EPISTEMOLOG%C3%8DA%3A+CIENCIA+EDUCACI%C3%93N+%28REVISTA+EPISTEMOLOG%C3%8DA+CIENCIA+EDUCATIVA+n%C2%BA+4%29&amp;qid=1756418937&amp;sprefix=revista+epistemolog%C3%ADa+ciencia+educaci%C3%B3n+revista+epistemolog%C3%ADa+ciencia+educativa+n%C2%BA+4+%2Caps%2C143&amp;sr=8-1\" rel=\"follow noopener\" target=\"_self\" role=\"button\"><div class=\"uagb-button__link\">Enlace Amazon<\/div><\/a><\/div><\/div>\n<\/div><\/div>\n\n\n\n<p>La Unidad de Servicios de Apoyo a la Educaci\u00f3n Regular (USAER) fundamenta su labor en una visi\u00f3n de la escuela como totalidad, en consonancia con los enfoques de la Educaci\u00f3n Inclusiva, la Articulaci\u00f3n de la Educaci\u00f3n B\u00e1sica y el Modelo de Gesti\u00f3n Educativa Estrat\u00e9gica. Esta perspectiva reconoce la escuela como la unidad b\u00e1sica del proceso educativo, estableciendo una intr\u00ednseca vinculaci\u00f3n entre los entornos escolar, \u00e1ulico y sociofamiliar. Comprender los factores y condiciones que estos entornos aportan al desarrollo biopsicosocial de los adolescentes de la Telesecundaria \u201cAlfredo Zalce Torres\u201d se erige como el punto de partida esencial para una intervenci\u00f3n educativa pertinente.<\/p>\n\n\n\n<p class=\"has-medium-font-size\"><strong>An\u00e1lisis Contextual: Un Primer Acercamiento a la Realidad Educativa<\/strong><\/p>\n\n\n\n<p>En el marco de acci\u00f3n de la USAER, la construcci\u00f3n del an\u00e1lisis contextual constituye el primer momento crucial en el proceso de atenci\u00f3n dentro de las escuelas regulares. Este an\u00e1lisis se enfoca en identificar las din\u00e1micas relacionales que la escuela establece con su entorno social, as\u00ed como las interacciones que se desarrollan dentro del contexto escolar entre docentes, alumnos, familias y autoridades. Asimismo, se exploran los procesos que tienen lugar en el aula, abarcando el desarrollo del curr\u00edculum y las din\u00e1micas de aprendizaje. El resultado de este exhaustivo an\u00e1lisis es la identificaci\u00f3n de las barreras para el aprendizaje y la participaci\u00f3n (BAP) presentes en cada uno de los contextos analizados, informaci\u00f3n fundamental que guiar\u00e1 las posteriores etapas de intervenci\u00f3n para su minimizaci\u00f3n o eliminaci\u00f3n.<\/p>\n\n\n\n<p>Entendemos por entorno el conjunto de elementos, condiciones y factores que circundan a un organismo o sistema, ejerciendo influencia sobre su desarrollo, comportamiento y estado. Desde las ciencias sociales, el entorno se refiere al contexto social, cultural y econ\u00f3mico que moldea a individuos y sociedades, incluyendo relaciones interpersonales, instituciones, normas y valores. En psicolog\u00eda, el entorno abarca el contexto de los procesos mentales, como las relaciones familiares, el \u00e1mbito laboral y las experiencias vitales. En educaci\u00f3n, el entorno comprende el aula, la escuela, la familia y la comunidad, donde se desarrolla el proceso de ense\u00f1anza-aprendizaje.<\/p>\n\n\n\n<p>La convergencia de estas tres perspectivas disciplinares nos permite abordar integralmente las condiciones, elementos y factores que conforman los entornos de los estudiantes de Telesecundaria, impactando directamente en sus dimensiones de desarrollo adolescente: biol\u00f3gico-f\u00edsico, psicol\u00f3gico-cognitivo y social-cultural.<\/p>\n\n\n\n<p class=\"has-medium-font-size\"><strong>El Modelo Biopsicosocial: Una Lente para Comprender el Desarrollo Adolescente<\/strong><\/p>\n\n\n\n<p>El modelo biopsicosocial, propuesto por Engel (1977), concibe al ser humano como una entidad compleja, resultante de la interacci\u00f3n de tres dimensiones fundamentales: la biol\u00f3gica, referida a los procesos fisiol\u00f3gicos y gen\u00e9ticos; la psicol\u00f3gica, que abarca los procesos mentales, emocionales y cognitivos; y la social, que alude al entorno social, cultural y relacional.<\/p>\n\n\n\n<p>Este modelo ofrece un marco conceptual valioso para comprender c\u00f3mo los factores biol\u00f3gicos, psicol\u00f3gicos y sociales se interrelacionan e influyen en el desarrollo acad\u00e9mico de los estudiantes de telesecundaria. Por ello, resulta esencial precisar las condiciones que brindan los distintos entornos al desarrollo biopsicosocial de estos alumnos: el entorno sociocultural, el familiar, el escolar y el \u00e1ulico.<\/p>\n\n\n\n<p>El reconocimiento de los desaf\u00edos acad\u00e9micos que enfrentamos se fundamenta en la comprensi\u00f3n de la realidad biol\u00f3gica, psicol\u00f3gica y social de nuestros estudiantes. Este conocimiento constituye un referente significativo para la creaci\u00f3n de propuestas educativas efectivas y sensibles a sus necesidades. Al considerar las diversas realidades de los estudiantes, se promueve un ambiente de aprendizaje inclusivo, donde la valoraci\u00f3n y el respeto contribuyen a su bienestar emocional, motivaci\u00f3n y compromiso con su proceso educativo. El enfoque biopsicosocial proporciona, as\u00ed, un marco conceptual robusto para identificar y abordar las barreras para el aprendizaje, permitiendo ofrecer un apoyo m\u00e1s integral y personalizado.<\/p>\n\n\n\n<p>Las condiciones y caracter\u00edsticas de los entornos sociocultural, familiar, escolar y \u00e1ulico que se describen en este art\u00edculo son el resultado del an\u00e1lisis contextual realizado por la USAER 36W en la Telesecundaria \u201cAlfredo Zalce Torres\u201d, complementado con la implementaci\u00f3n de encuestas y entrevistas a familias, docentes y estudiantes.<\/p>\n\n\n\n<p class=\"has-medium-font-size\"><strong>Ra\u00edces y Alas: El Entorno Sociocultural Chiquimiteco y su Impacto<\/strong><\/p>\n\n\n\n<p>El entorno sociocultural ejerce una influencia primordial en la formaci\u00f3n individual y en las din\u00e1micas de interacci\u00f3n social. Para analizar su impacto en el desarrollo biopsicosocial de los estudiantes de telesecundaria, se encuest\u00f3 al 16.6% de los padres y madres de familia de la comunidad escolar, indagando en categor\u00edas como el entorno social y comunitario, aspectos socioecon\u00f3micos e identidad y pertenencia.<\/p>\n\n\n\n<p class=\"has-medium-font-size\"><strong>Entorno Familiar: Territorio de Primeras Socializaciones, Identidad y Emocionalidad<\/strong><\/p>\n\n\n\n<p>La informaci\u00f3n recabada a trav\u00e9s de entrevistas y encuestas al 34.7% de los estudiantes, al 83.3% de los docentes regulares y al 45.9% de los padres de familia durante la fase diagn\u00f3stica de esta investigaci\u00f3n, permiti\u00f3 identificar caracter\u00edsticas y condiciones del entorno social y familiar, as\u00ed como la percepci\u00f3n de la calidad de las relaciones familiares. Se exploraron aspectos como la estructura y ambiente familiar, valores y creencias, econom\u00eda del hogar, nutrici\u00f3n, responsabilidades en casa, apoyo emocional, participaci\u00f3n escolar y situaciones de riesgo.<\/p>\n\n\n\n<p>Encontramos as\u00ed que, un 15% de las familias enfrenta carencias significativas en el acceso a estos bienes y servicios. El nivel de escolaridad predominante entre los padres es la secundaria terminada (45%), seguido de primaria terminada (15%). Sus ocupaciones se centran en la ganader\u00eda, la agricultura y diversos oficios, con un alto porcentaje de madres dedicadas a las labores del hogar y al cuidado de los hijos.<\/p>\n\n\n\n<p>La familia, como pilar de la formaci\u00f3n social (Bernal y Sandoval, 2013) y contexto de desarrollo primario (Bronfenbrenner, 2002), gu\u00eda la adquisici\u00f3n de conocimientos y habilidades, preparando a los hijos para desenvolverse en contextos secundarios como la escuela. En este sentido, se observa la reproducci\u00f3n de las cosmovisiones familiares en el \u00e1mbito escolar.<\/p>\n\n\n\n<p>La ocupaci\u00f3n laboral y las responsabilidades del hogar dificultan la participaci\u00f3n de muchos padres en las actividades escolares de sus hijos. Un 47.5% de las familias dedica tiempo a sus hijos solo ocasionalmente, mientras que un 27.5% refiere no tener tiempo. En cuanto a la comunicaci\u00f3n familiar, un 45% se\u00f1ala comunicarse y consultarse decisiones, mientras que un 30% se limita a lo b\u00e1sico. Un 40% de las familias describe una situaci\u00f3n econ\u00f3mica dif\u00edcil. La composici\u00f3n familiar es mayoritariamente de seis miembros o m\u00e1s (57.5%), lo que implica responsabilidades para los hijos mayores en las labores del hogar y el cuidado de los hermanos. La vinculaci\u00f3n con la escuela se centra en la firma de boletas, con menor participaci\u00f3n en talleres, reuniones generales o con tutores. La comunicaci\u00f3n con los maestros suele ser distante.<\/p>\n\n\n\n<p>Los docentes titulares coinciden en la escasa participaci\u00f3n de las familias en la vida escolar. Esta falta de colaboraci\u00f3n coordinada entre familia y escuela puede generar individuos con dificultades emocionales y sociales (Cervantes y Gonzales, 2017). Las expectativas de los padres sobre el futuro educativo de sus hijos suelen ser bajas, enfoc\u00e1ndose en la culminaci\u00f3n de la secundaria para integrarse al oficio familiar.<\/p>\n\n\n\n<p>Sin embargo, la problem\u00e1tica central identificada en el entorno familiar es la alta prevalencia de violencia: un 55% de las familias encuestadas vivencia situaciones de violencia f\u00edsica, psicol\u00f3gica y verbal, tanto marital como hacia los hijos. Un alarmante 63.3% de los estudiantes entrevistados manifestaron haber presenciado o experimentado violencia en casa, sinti\u00e9ndose amenazados y sin apoyo familiar. Describen un ambiente familiar triste, solitario, tenso y estresante, tal como se evidencia en sus propios testimonios.<\/p>\n\n\n\n<p>La violencia familiar tiene un impacto profundo y duradero en el desarrollo biopsicosocial de los adolescentes (Segura, 2022), generando consecuencias destructivas a nivel f\u00edsico y psicol\u00f3gico, y por tanto en el logro educativo de las y los estudiantes, por lo que estos aspectos deben ser siempre considerados cuando se abordan intervenciones educativas y las expectativas de logro que se plantean para cada uno de los estudiantes. Entender y considerar estos entornos, es parte de la valoraci\u00f3n a la diversidad y de las necesidades fundamentales del estudiantado.<strong>Palabras clave:<\/strong> Entornos, desarrollo biopsicosocial, familias, estudiantes, escuela.<\/p>\n\n\n\n<p class=\"has-medium-font-size\"><strong>Referencias bibliogr\u00e1ficas<\/strong><\/p>\n\n\n\n<ul class=\"wp-block-list\">\n<li>Arrieta-Villarreal, J. L., &amp; Guzm\u00e1n-Salda\u00f1a, R. (2021) Modelo Biopsicosocial: De la teor\u00eda a la cl\u00ednica Biopsychosocial model: From theory to clinical. ISSN: 2007-4573.<strong> <\/strong>DOI:<a href=\"https:\/\/doi.org\/10.29057\/icsa.v10i19.8033\">https:\/\/doi.org\/10.29057\/icsa.v10i19.8033<\/a><\/li>\n<\/ul>\n\n\n\n<ul class=\"wp-block-list\">\n<li>Cervantes, M. C. M., &amp; Gonz\u00e1lez, M. L. G. (2017). Desarrollo de competencias emocionales en preadolescentes: el papel de padres y docentes.&nbsp;<em>Revista electr\u00f3nica interuniversitaria de formaci\u00f3n del profesorado<\/em>,&nbsp;<em>20<\/em>(2), 221-235.DOI<strong>:&nbsp;<\/strong><a href=\"https:\/\/doi.org\/10.6018\/reifop\/20.2.232941\">https:\/\/doi.org\/10.6018\/reifop\/20.2.232941<\/a><\/li>\n<\/ul>\n\n\n\n<ul class=\"wp-block-list\">\n<li>Borrell i Carri\u00f3, F. (2002). <em>El Modelo Biopsicosocial en Evoluci\u00f3n<\/em>. Medicina Cl\u00ednica, 119(5), 175-179. https:\/\/doi.org\/10.1016\/s0025-7753(02)73355-1<\/li>\n<\/ul>\n\n\n\n<ul class=\"wp-block-list\">\n<li>Bronfenbrenner, (2002). <em>La ecolog\u00eda del desarrollo humano.<\/em> Ediciones Paid\u00f3s. Barcelona, Buenos Aires, M\u00e9xico. Segura-Echeverr\u00eda, J. L., Navarro-Puglla, K. A., &amp; Ram\u00f3n-Merch\u00e1n, M. E. (2022). Consecuencias de la violencia intrafamiliar en los grupos prioritarios: ni\u00f1os, ni\u00f1as y adolescentes.&nbsp;<em>Polo del conocimiento<\/em>,&nbsp;<em>7<\/em>(1), 1298-1312. DOI: 10.23857\/pc.v7i1.3543.<\/li>\n<\/ul>\n\n\n\n\n\n<p><strong>Claudi\u00e1n Coral Ju\u00e1rez Sol\u00eds: &nbsp;<\/strong>Licenciada en Educaci\u00f3n Especial. Maestra en Psicolog\u00eda Educativa con perspectiva Psicogen\u00e9tica y Maestra en Sociolog\u00eda de la Educaci\u00f3n. Doctorante en el Doctorado en Educaci\u00f3n en el Instituto Michoacano de Ciencias de la Educaci\u00f3n \u201cJos\u00e9 Mar\u00eda Morelos\u201d, en la ciudad de Morelia, Michoac\u00e1n M\u00e9xico. Actualmente labora como docente frente a grupo de la Unidad de Servicios de Apoyo a la Educaci\u00f3n Regular, USAER 36W, zona 01, de la ciudad de Morelia Michoac\u00e1n.<\/p>\n\n\n\n<p><strong>Contacto: <\/strong><a href=\"mailto:misscory2020@gmail.com\">misscory2020@gmail.com<\/a><\/p>\n\n\n\n<p><strong>ORCID ID:<\/strong> 0009-0004-6694-3324<\/p>\n\n\n\n<p><\/p>\n","protected":false},"excerpt":{"rendered":"<p>Claudi\u00e1n Coral Ju\u00e1rez Sol\u00eds La Unidad de Servicios de Apoyo a la Educaci\u00f3n Regular (USAER) fundamenta su labor en una [&hellip;]<\/p>\n","protected":false},"author":1,"featured_media":0,"comment_status":"closed","ping_status":"closed","sticky":false,"template":"","format":"standard","meta":{"_uag_custom_page_level_css":"","site-sidebar-layout":"default","site-content-layout":"","ast-site-content-layout":"default","site-content-style":"default","site-sidebar-style":"default","ast-global-header-display":"","ast-banner-title-visibility":"","ast-main-header-display":"","ast-hfb-above-header-display":"","ast-hfb-below-header-display":"","ast-hfb-mobile-header-display":"","site-post-title":"","ast-breadcrumbs-content":"","ast-featured-img":"","footer-sml-layout":"","ast-disable-related-posts":"","theme-transparent-header-meta":"","adv-header-id-meta":"","stick-header-meta":"","header-above-stick-meta":"","header-main-stick-meta":"","header-below-stick-meta":"","astra-migrate-meta-layouts":"default","ast-page-background-enabled":"default","ast-page-background-meta":{"desktop":{"background-color":"var(--ast-global-color-5)","background-image":"","background-repeat":"repeat","background-position":"center center","background-size":"auto","background-attachment":"scroll","background-type":"","background-media":"","overlay-type":"","overlay-color":"","overlay-opacity":"","overlay-gradient":""},"tablet":{"background-color":"","background-image":"","background-repeat":"repeat","background-position":"center center","background-size":"auto","background-attachment":"scroll","background-type":"","background-media":"","overlay-type":"","overlay-color":"","overlay-opacity":"","overlay-gradient":""},"mobile":{"background-color":"","background-image":"","background-repeat":"repeat","background-position":"center center","background-size":"auto","background-attachment":"scroll","background-type":"","background-media":"","overlay-type":"","overlay-color":"","overlay-opacity":"","overlay-gradient":""}},"ast-content-background-meta":{"desktop":{"background-color":"var(--ast-global-color-4)","background-image":"","background-repeat":"repeat","background-position":"center center","background-size":"auto","background-attachment":"scroll","background-type":"","background-media":"","overlay-type":"","overlay-color":"","overlay-opacity":"","overlay-gradient":""},"tablet":{"background-color":"var(--ast-global-color-4)","background-image":"","background-repeat":"repeat","background-position":"center center","background-size":"auto","background-attachment":"scroll","background-type":"","background-media":"","overlay-type":"","overlay-color":"","overlay-opacity":"","overlay-gradient":""},"mobile":{"background-color":"var(--ast-global-color-4)","background-image":"","background-repeat":"repeat","background-position":"center center","background-size":"auto","background-attachment":"scroll","background-type":"","background-media":"","overlay-type":"","overlay-color":"","overlay-opacity":"","overlay-gradient":""}},"footnotes":""},"categories":[78],"tags":[64],"class_list":["post-450","post","type-post","status-publish","format-standard","hentry","category-enero-junio-2026","tag-educacion"],"spectra_custom_meta":{"_edit_lock":["1765919368:1"],"_edit_last":["1"],"_uagb_previous_block_counts":["a:90:{s:21:\"uagb\/advanced-heading\";i:0;s:15:\"uagb\/blockquote\";i:0;s:12:\"uagb\/buttons\";i:1;s:18:\"uagb\/buttons-child\";i:1;s:19:\"uagb\/call-to-action\";i:0;s:15:\"uagb\/cf7-styler\";i:0;s:11:\"uagb\/column\";i:0;s:12:\"uagb\/columns\";i:0;s:14:\"uagb\/container\";i:0;s:21:\"uagb\/content-timeline\";i:0;s:27:\"uagb\/content-timeline-child\";i:0;s:14:\"uagb\/countdown\";i:0;s:12:\"uagb\/counter\";i:0;s:8:\"uagb\/faq\";i:0;s:14:\"uagb\/faq-child\";i:0;s:10:\"uagb\/forms\";i:0;s:17:\"uagb\/forms-accept\";i:0;s:19:\"uagb\/forms-checkbox\";i:0;s:15:\"uagb\/forms-date\";i:0;s:16:\"uagb\/forms-email\";i:0;s:17:\"uagb\/forms-hidden\";i:0;s:15:\"uagb\/forms-name\";i:0;s:16:\"uagb\/forms-phone\";i:0;s:16:\"uagb\/forms-radio\";i:0;s:17:\"uagb\/forms-select\";i:0;s:19:\"uagb\/forms-textarea\";i:0;s:17:\"uagb\/forms-toggle\";i:0;s:14:\"uagb\/forms-url\";i:0;s:14:\"uagb\/gf-styler\";i:0;s:15:\"uagb\/google-map\";i:0;s:11:\"uagb\/how-to\";i:0;s:16:\"uagb\/how-to-step\";i:0;s:9:\"uagb\/icon\";i:0;s:14:\"uagb\/icon-list\";i:0;s:20:\"uagb\/icon-list-child\";i:0;s:10:\"uagb\/image\";i:0;s:18:\"uagb\/image-gallery\";i:0;s:13:\"uagb\/info-box\";i:0;s:18:\"uagb\/inline-notice\";i:0;s:11:\"uagb\/lottie\";i:0;s:21:\"uagb\/marketing-button\";i:0;s:10:\"uagb\/modal\";i:0;s:18:\"uagb\/popup-builder\";i:0;s:16:\"uagb\/post-button\";i:0;s:18:\"uagb\/post-carousel\";i:0;s:17:\"uagb\/post-excerpt\";i:0;s:14:\"uagb\/post-grid\";i:0;s:15:\"uagb\/post-image\";i:0;s:17:\"uagb\/post-masonry\";i:0;s:14:\"uagb\/post-meta\";i:0;s:18:\"uagb\/post-taxonomy\";i:0;s:18:\"uagb\/post-timeline\";i:0;s:15:\"uagb\/post-title\";i:0;s:20:\"uagb\/restaurant-menu\";i:0;s:26:\"uagb\/restaurant-menu-child\";i:0;s:11:\"uagb\/review\";i:0;s:12:\"uagb\/section\";i:0;s:14:\"uagb\/separator\";i:0;s:11:\"uagb\/slider\";i:0;s:17:\"uagb\/slider-child\";i:0;s:17:\"uagb\/social-share\";i:0;s:23:\"uagb\/social-share-child\";i:0;s:16:\"uagb\/star-rating\";i:0;s:23:\"uagb\/sure-cart-checkout\";i:0;s:22:\"uagb\/sure-cart-product\";i:0;s:15:\"uagb\/sure-forms\";i:0;s:22:\"uagb\/table-of-contents\";i:0;s:9:\"uagb\/tabs\";i:0;s:15:\"uagb\/tabs-child\";i:0;s:18:\"uagb\/taxonomy-list\";i:0;s:9:\"uagb\/team\";i:0;s:16:\"uagb\/testimonial\";i:0;s:14:\"uagb\/wp-search\";i:0;s:19:\"uagb\/instagram-feed\";i:0;s:10:\"uagb\/login\";i:0;s:17:\"uagb\/loop-builder\";i:0;s:18:\"uagb\/loop-category\";i:0;s:20:\"uagb\/loop-pagination\";i:0;s:15:\"uagb\/loop-reset\";i:0;s:16:\"uagb\/loop-search\";i:0;s:14:\"uagb\/loop-sort\";i:0;s:17:\"uagb\/loop-wrapper\";i:0;s:13:\"uagb\/register\";i:0;s:19:\"uagb\/register-email\";i:0;s:24:\"uagb\/register-first-name\";i:0;s:23:\"uagb\/register-last-name\";i:0;s:22:\"uagb\/register-password\";i:0;s:30:\"uagb\/register-reenter-password\";i:0;s:19:\"uagb\/register-terms\";i:0;s:22:\"uagb\/register-username\";i:0;}"],"_uag_css_file_name":["uag-css-450.css"],"_uag_js_file_name":["uag-js-450.js"],"_uagb_last_spectra_edit":["1776758939"],"_uag_page_assets":["a:9:{s:3:\"css\";s:6396:\".uagb-buttons__outer-wrap .uagb-buttons__wrap{display:inline-flex;width:100%}.uagb-buttons__outer-wrap.uagb-btn__small-btn .uagb-buttons-repeater.wp-block-button__link:not(.is-style-outline),.uagb-buttons__outer-wrap.uagb-btn__small-btn .uagb-buttons-repeater.ast-outline-button{padding:5px 10px}.uagb-buttons__outer-wrap.uagb-btn__medium-btn .uagb-buttons-repeater.wp-block-button__link:not(.is-style-outline),.uagb-buttons__outer-wrap.uagb-btn__medium-btn .uagb-buttons-repeater.ast-outline-button{padding:12px 24px}.uagb-buttons__outer-wrap.uagb-btn__large-btn .uagb-buttons-repeater.wp-block-button__link:not(.is-style-outline),.uagb-buttons__outer-wrap.uagb-btn__large-btn .uagb-buttons-repeater.ast-outline-button{padding:20px 30px}.uagb-buttons__outer-wrap.uagb-btn__extralarge-btn .uagb-buttons-repeater.wp-block-button__link:not(.is-style-outline),.uagb-buttons__outer-wrap.uagb-btn__extralarge-btn .uagb-buttons-repeater.ast-outline-button{padding:30px 65px}@media(max-width: 976px){.uagb-buttons__outer-wrap.uagb-btn-tablet__small-btn .uagb-buttons-repeater.wp-block-button__link:not(.is-style-outline),.uagb-buttons__outer-wrap.uagb-btn-tablet__small-btn .uagb-buttons-repeater.ast-outline-button{padding:5px 10px}.uagb-buttons__outer-wrap.uagb-btn-tablet__medium-btn .uagb-buttons-repeater.wp-block-button__link:not(.is-style-outline),.uagb-buttons__outer-wrap.uagb-btn-tablet__medium-btn .uagb-buttons-repeater.ast-outline-button{padding:12px 24px}.uagb-buttons__outer-wrap.uagb-btn-tablet__large-btn .uagb-buttons-repeater.wp-block-button__link:not(.is-style-outline),.uagb-buttons__outer-wrap.uagb-btn-tablet__large-btn .uagb-buttons-repeater.ast-outline-button{padding:20px 30px}.uagb-buttons__outer-wrap.uagb-btn-tablet__extralarge-btn .uagb-buttons-repeater.wp-block-button__link:not(.is-style-outline),.uagb-buttons__outer-wrap.uagb-btn-tablet__extralarge-btn .uagb-buttons-repeater.ast-outline-button{padding:30px 65px}}@media(max-width: 767px){.uagb-buttons__outer-wrap.uagb-btn-mobile__small-btn .uagb-buttons-repeater.wp-block-button__link:not(.is-style-outline),.uagb-buttons__outer-wrap.uagb-btn-mobile__small-btn .uagb-buttons-repeater.ast-outline-button{padding:5px 10px}.uagb-buttons__outer-wrap.uagb-btn-mobile__medium-btn .uagb-buttons-repeater.wp-block-button__link:not(.is-style-outline),.uagb-buttons__outer-wrap.uagb-btn-mobile__medium-btn .uagb-buttons-repeater.ast-outline-button{padding:12px 24px}.uagb-buttons__outer-wrap.uagb-btn-mobile__large-btn .uagb-buttons-repeater.wp-block-button__link:not(.is-style-outline),.uagb-buttons__outer-wrap.uagb-btn-mobile__large-btn .uagb-buttons-repeater.ast-outline-button{padding:20px 30px}.uagb-buttons__outer-wrap.uagb-btn-mobile__extralarge-btn .uagb-buttons-repeater.wp-block-button__link:not(.is-style-outline),.uagb-buttons__outer-wrap.uagb-btn-mobile__extralarge-btn .uagb-buttons-repeater.ast-outline-button{padding:30px 65px}}.uagb-buttons__outer-wrap .uagb-buttons-repeater{display:flex;justify-content:center;align-items:center;transition:box-shadow .2s ease}.uagb-buttons__outer-wrap .uagb-buttons-repeater a.uagb-button__link{display:flex;justify-content:center}.uagb-buttons__outer-wrap .uagb-buttons-repeater .uagb-button__icon{font-size:inherit;display:flex;align-items:center}.uagb-buttons__outer-wrap .uagb-buttons-repeater .uagb-button__icon svg{fill:currentColor;width:inherit;height:inherit}.uagb-block-f4837a9c.wp-block-uagb-buttons.uagb-buttons__outer-wrap .uagb-buttons__wrap {gap: 10px;}.uagb-block-f4837a9c.uagb-buttons__outer-wrap .uagb-buttons__wrap {justify-content: right;align-items: center;}.wp-block-uagb-buttons .uagb-block-6306a4b9 .uagb-button__wrapper  .uagb-buttons-repeater.wp-block-button__link{box-shadow: 0px 0px 0 #00000026;}.wp-block-uagb-buttons .uagb-block-6306a4b9 .uagb-button__wrapper  .uagb-buttons-repeater.wp-block-button__link:hover{box-shadow: 0px 0px 0 #00000026;}.wp-block-uagb-buttons .uagb-block-6306a4b9 .uagb-buttons-repeater.wp-block-button__link{border-top-width: 1px;border-left-width: 1px;border-right-width: 1px;border-bottom-width: 1px;border-color: #333;border-style: solid;}.wp-block-uagb-buttons .uagb-block-6306a4b9 .uagb-buttons-repeater.wp-block-button__link:hover{border-color: #333;}.wp-block-uagb-buttons .uagb-block-6306a4b9 .uagb-buttons-repeater.wp-block-button__link:focus{border-color: #333;}.wp-block-uagb-buttons .uagb-block-6306a4b9.wp-block-button.is-style-outline .uagb-button__wrapper .wp-block-button__link.uagb-buttons-repeater{border-top-width: 1px;border-left-width: 1px;border-right-width: 1px;border-bottom-width: 1px;border-color: #333;border-style: solid;}.wp-block-uagb-buttons .uagb-block-6306a4b9.wp-block-button.is-style-outline .uagb-button__wrapper .wp-block-button__link.uagb-buttons-repeater:hover{border-color: #333;}.wp-block-uagb-buttons .uagb-block-6306a4b9 .uagb-buttons-repeater .uagb-button__icon > svg{width: 15px;height: 15px;}.wp-block-uagb-buttons .uagb-block-6306a4b9 .uagb-buttons-repeater .uagb-button__icon-position-after{margin-left: 8px;}.wp-block-uagb-buttons .uagb-block-6306a4b9 .uagb-buttons-repeater .uagb-button__icon-position-before{margin-right: 8px;}.wp-block-uagb-buttons .uagb-block-6306a4b9 .uagb-button__link{text-transform: normal;text-decoration: none;}@media only screen and (max-width: 976px) {.uagb-block-f4837a9c.uagb-buttons__outer-wrap .uagb-buttons__wrap {justify-content: center;align-items: center;}.uagb-block-f4837a9c.uagb-buttons__outer-wrap .uagb-buttons__wrap .wp-block-button{width: auto;}.wp-block-uagb-buttons .uagb-block-6306a4b9.wp-block-button.is-style-outline .uagb-button__wrapper .wp-block-button__link.uagb-buttons-repeater{border-style: solid;border-color: #333;}.wp-block-uagb-buttons .uagb-block-6306a4b9 .uagb-buttons-repeater.wp-block-button__link{border-style: solid;border-color: #333;}}@media only screen and (max-width: 767px) {.uagb-block-f4837a9c.uagb-buttons__outer-wrap .uagb-buttons__wrap {justify-content: center;align-items: center;}.uagb-block-f4837a9c.uagb-buttons__outer-wrap .uagb-buttons__wrap .wp-block-button{width: auto;}.wp-block-uagb-buttons .uagb-block-6306a4b9.wp-block-button.is-style-outline .uagb-button__wrapper .wp-block-button__link.uagb-buttons-repeater{border-style: solid;border-color: #333;}.wp-block-uagb-buttons .uagb-block-6306a4b9 .uagb-buttons-repeater.wp-block-button__link{border-style: solid;border-color: #333;}}\";s:2:\"js\";s:161:\"document.addEventListener(\"DOMContentLoaded\", function(){ window.addEventListener( 'load', function() {\n\tUAGBButtonChild.init( '.uagb-block-6306a4b9' );\n});\n });\";s:18:\"current_block_list\";a:11:{i:0;s:14:\"core\/paragraph\";i:1;s:12:\"uagb\/buttons\";i:2;s:18:\"uagb\/buttons-child\";i:3;s:9:\"core\/list\";i:4;s:14:\"core\/list-item\";i:5;s:26:\"core\/post-author-biography\";i:6;s:11:\"core\/search\";i:7;s:10:\"core\/group\";i:8;s:12:\"core\/heading\";i:9;s:17:\"core\/latest-posts\";i:10;s:15:\"core\/categories\";}s:8:\"uag_flag\";b:1;s:11:\"uag_version\";s:10:\"1777500387\";s:6:\"gfonts\";a:1:{s:7:\"Default\";a:2:{s:10:\"fontfamily\";s:7:\"Default\";s:12:\"fontvariants\";a:0:{}}}s:10:\"gfonts_url\";s:0:\"\";s:12:\"gfonts_files\";a:0:{}s:14:\"uag_faq_layout\";b:0;}"]},"uagb_featured_image_src":{"full":false,"thumbnail":false,"medium":false,"medium_large":false,"large":false,"1536x1536":false,"2048x2048":false},"uagb_author_info":{"display_name":"admin","author_link":"https:\/\/revistaece.dataware.cloud\/?author=1"},"uagb_comment_info":0,"uagb_excerpt":"Claudi\u00e1n Coral Ju\u00e1rez Sol\u00eds La Unidad de Servicios de Apoyo a la Educaci\u00f3n Regular (USAER) fundamenta su labor en una [&hellip;]","_links":{"self":[{"href":"https:\/\/revistaece.dataware.cloud\/index.php?rest_route=\/wp\/v2\/posts\/450","targetHints":{"allow":["GET"]}}],"collection":[{"href":"https:\/\/revistaece.dataware.cloud\/index.php?rest_route=\/wp\/v2\/posts"}],"about":[{"href":"https:\/\/revistaece.dataware.cloud\/index.php?rest_route=\/wp\/v2\/types\/post"}],"author":[{"embeddable":true,"href":"https:\/\/revistaece.dataware.cloud\/index.php?rest_route=\/wp\/v2\/users\/1"}],"replies":[{"embeddable":true,"href":"https:\/\/revistaece.dataware.cloud\/index.php?rest_route=%2Fwp%2Fv2%2Fcomments&post=450"}],"version-history":[{"count":3,"href":"https:\/\/revistaece.dataware.cloud\/index.php?rest_route=\/wp\/v2\/posts\/450\/revisions"}],"predecessor-version":[{"id":467,"href":"https:\/\/revistaece.dataware.cloud\/index.php?rest_route=\/wp\/v2\/posts\/450\/revisions\/467"}],"wp:attachment":[{"href":"https:\/\/revistaece.dataware.cloud\/index.php?rest_route=%2Fwp%2Fv2%2Fmedia&parent=450"}],"wp:term":[{"taxonomy":"category","embeddable":true,"href":"https:\/\/revistaece.dataware.cloud\/index.php?rest_route=%2Fwp%2Fv2%2Fcategories&post=450"},{"taxonomy":"post_tag","embeddable":true,"href":"https:\/\/revistaece.dataware.cloud\/index.php?rest_route=%2Fwp%2Fv2%2Ftags&post=450"}],"curies":[{"name":"wp","href":"https:\/\/api.w.org\/{rel}","templated":true}]}}