{"id":442,"date":"2026-01-01T08:04:00","date_gmt":"2026-01-01T14:04:00","guid":{"rendered":"https:\/\/revistaece.dataware.cloud\/?p=442"},"modified":"2025-09-24T07:57:24","modified_gmt":"2025-09-24T13:57:24","slug":"pedagogias-del-trauma","status":"publish","type":"post","link":"https:\/\/revistaece.dataware.cloud\/?p=442","title":{"rendered":"Pedagog\u00edas del Trauma"},"content":{"rendered":"\n<p class=\"has-text-align-center\"><strong>Boris Gonz\u00e1lez Ceja<\/strong><\/p>\n\n\n\n<div class=\"wp-block-uagb-buttons uagb-buttons__outer-wrap uagb-btn__default-btn uagb-btn-tablet__default-btn uagb-btn-mobile__default-btn uagb-block-3d390f79\"><div class=\"uagb-buttons__wrap uagb-buttons-layout-wrap \">\n<div class=\"wp-block-uagb-buttons-child uagb-buttons__outer-wrap uagb-block-de3cc467 wp-block-button\"><div class=\"uagb-button__wrapper\"><a class=\"uagb-buttons-repeater wp-block-button__link\" aria-label=\"\" href=\"https:\/\/www.amazon.com.mx\/dp\/B0FP2Y8CFB\/ref=nav_ya_signin?__mk_es_MX=%C3%85M%C3%85%C5%BD%C3%95%C3%91&amp;crid=1B8PE2MAL04G&amp;dib=eyJ2IjoiMSJ9.kliAuf-VcYOXUNpA9rp3nfcwJMtL9GqSiu83113a84xolC87b0_ygwOj-h9-fm-2OxVNeEFfgXt3rU-kkDwJimAd4HUwUo55OkV51pz1Mek.G69R4KNyHEBDk918fy7SXA3ntIrbOC3iIZTB9qXT8Ao&amp;dib_tag=se&amp;keywords=REVISTA+EPISTEMOLOG%C3%8DA%3A+CIENCIA+EDUCACI%C3%93N+%28REVISTA+EPISTEMOLOG%C3%8DA+CIENCIA+EDUCATIVA+n%C2%BA+4%29&amp;qid=1756418937&amp;sprefix=revista+epistemolog%C3%ADa+ciencia+educaci%C3%B3n+revista+epistemolog%C3%ADa+ciencia+educativa+n%C2%BA+4+%2Caps%2C143&amp;sr=8-1\" rel=\"follow noopener\" target=\"_self\" role=\"button\"><div class=\"uagb-button__link\">Enlace Amazon<\/div><\/a><\/div><\/div>\n<\/div><\/div>\n\n\n\n<p class=\"has-medium-font-size\">Introducci\u00f3n<\/p>\n\n\n\n<p>\u00bfC\u00f3mo es que el trauma llega a aprenderse y a reconocerse por las personas? \u00bfLa ciencia de la educaci\u00f3n tiene algo que decir sobre el tema del trauma? Con diversos investigadores consideramos que s\u00ed, y muchas son sus implicaciones en el campo de la subjetividad humana, donde actuamos los educadores.<\/p>\n\n\n\n<p>En un pa\u00eds donde se calcula que existen 2 millones de personas implicadas con la delincuencia organizada de manera directa o indirecta, hay que decir que la educaci\u00f3n se mama en los hogares, en la calle y en las familias, con los amigos\u2026 sin romantizar, s\u00f3lo como un dato que no es accesorio de la topolog\u00eda de las pedagog\u00edas del trauma.<\/p>\n\n\n\n<p>De hecho, es relavante entender el campo donde la educaci\u00f3n hace sus pr\u00e1cticas cotidianas de las realidades que se viven en el pa\u00eds, y donde se consideran las variables que inciden en la propensi\u00f3n a la violencia y la inseguridad: (1) pobreza y marginaci\u00f3n; (2) infraestructura f\u00edsica precaria; (3) violencia intrafamiliar; (4) presencia de pandillas juveniles; (5) presencia de delincuencia organizada; (6) presencia de armas, drogas y alcohol; (7) presencia precaria de autoridad; (8) ambiente de impunidad y procuraci\u00f3n de justicia precaria; (9) bajos niveles de organizaci\u00f3n comunitaria y de cohesi\u00f3n social; (10) ausencia de cultura de la legalidad e, (11) impactos transnacionales de la criminalidad (Herrera-Lasso, 2013).<\/p>\n\n\n\n<p>Actualmente existe una urgente necesidad de investigaciones y producciones cient\u00edficas que permitan dilucidar el grave problema que existe en las personas sobre el trauma y sus causas, y una de ellas es en la din\u00e1mica consuetudinario de la pedagog\u00eda de las personas.&nbsp;<\/p>\n\n\n\n<p>En los \u00faltimos 15 a\u00f1os hemos investigado las experiencias adversas en la infancia desde diversas aristas, sin descuidar la actualidad de la teor\u00eda psicoan\u00e1litica en relaci\u00f3n con las incidencias educativas, en c\u00f3mo la enfermedad (como la obesidad) se enquista en el cuerpo con un proceso que deviene como efecto del trauma, como un enlace indeseable de la pedagog\u00eda con el trauma.<\/p>\n\n\n\n<p>Las relaciones encontradas son evidencias de que existe un fuerte componente de saber, educativo y cognitivo que se queda guardado en la vida de las personas, de manera insconsciente, y que se expresa en el cuerpo como un estallido energ\u00e9tico, en forma de enfermedad, obesidad o una diversidad de padecimientos m\u00e9dicos, que aqu\u00ed advienen con una respuesta novedosa (Felitti, s\/f).<\/p>\n\n\n\n<figure class=\"wp-block-image aligncenter size-full\"><img loading=\"lazy\" decoding=\"async\" width=\"338\" height=\"191\" src=\"https:\/\/revistaece.dataware.cloud\/wp-content\/uploads\/2025\/08\/image-11.png\" alt=\"\" class=\"wp-image-443\" srcset=\"https:\/\/revistaece.dataware.cloud\/wp-content\/uploads\/2025\/08\/image-11.png 338w, https:\/\/revistaece.dataware.cloud\/wp-content\/uploads\/2025\/08\/image-11-300x170.png 300w\" sizes=\"auto, (max-width: 338px) 100vw, 338px\" \/><figcaption class=\"wp-element-caption\"><em>Fuente: elaboraci\u00f3n propia (canva IA).<\/em><\/figcaption><\/figure>\n\n\n\n<p class=\"has-medium-font-size\">\u00bfSe aprende el trauma?<\/p>\n\n\n\n<p>En el amplio campo de la educaci\u00f3n y del saber, la pedagog\u00eda deviene con un poder que se opera con elementos psicol\u00f3gicos de manera estructural. De hecho, la pedagog\u00eda como pr\u00e1ctica educativa permite que las personas cambien conductas, por ejemplo en salud, que de otra manera ser\u00eda imposible modificar.<\/p>\n\n\n\n<p>El cambio cognitivo sigue teniendo vigencia con las pr\u00e1cticas pedag\u00f3gicas, que son heterog\u00e9neas, m\u00faltiples y tan diversas como las capacidades de los investigadores.&nbsp;<\/p>\n\n\n\n<p>Considerando lo anterior, sin duda podemos considerar que los traumas tienen un contexto cognitivo, o elementos pedag\u00f3gicos que hacen a su existencia, pero \u00bfc\u00f3mo operan? \u00bfc\u00faales son esos elementos?<\/p>\n\n\n\n<p>En la investigaci\u00f3n doctoral que yo dirijo, se focaliza en el estudio en la educaci\u00f3n informal para revisar las conclusiones que se pueden obtener de otros autores sobre la categor\u00eda principal de las pedagog\u00edas del trauma, entendiendo el impacto de la pedagog\u00eda en temas de formaci\u00f3n de la personalidad, salud y experiencias adversas de manera consuetudinaria.<\/p>\n\n\n\n<p>Para Bruner (2018) el proceder de los maestros, y de la educaci\u00f3n en general, parece una serie de improvisaciones m\u00e1s que un programa l\u00f3gico y racionalmente discutido y aceptado; en pedagog\u00eda falta una teor\u00eda integradora y que lo que hay en su lugar es fundamentalmente un conjunto de m\u00e1ximas.<\/p>\n\n\n\n<p>Ante ello, es necesario realizar un an\u00e1lisis de las pr\u00e1cticas discursivas que se hacen en torno al trauma y la pedagog\u00eda.<\/p>\n\n\n\n<p class=\"has-medium-font-size\">An\u00e1lisis del Contexto del Trauma<\/p>\n\n\n\n<p>Existen diversas formas de estudio del trauma, desde las perspectivas estad\u00edsticas hasta las te\u00f3ricas modernas. En esta investigaci\u00f3n doctoral consideramos el an\u00e1lisis reflexivo de teor\u00edas y estad\u00edsticas como datos que requieren leerse e interpretarse a la luz de nuevos acontecimientos. Para lograr lo anterior, se realiza un ejercicio de an\u00e1lisis de contexto en el tema que incluye:<\/p>\n\n\n\n<ul class=\"wp-block-list\">\n<li>Ver nuevas realidades: donde la historia del trauma no deja de escribirse, con los mismos pol\u00edticos de siempre enquistados en la administraci\u00f3n p\u00fablica, propiciando una espiral de violencia que se encuentra institucionalizada.<\/li>\n\n\n\n<li>Causas y consecuencias del trauma: las pedagog\u00edas con las que las personas se forman generan capacidades para defenderse, exponerse o generar respuestas ante ataques, directos o indirectos, personales o comunitarios.<\/li>\n\n\n\n<li>Conexiones inesperadas: pedagog\u00eda y trauma tienen el elemento cognitivo como relevante, con pertinencia y potencia para sostener, darle actualidad y generar una historia educativa en la vida de la persona.<\/li>\n\n\n\n<li>Descripci\u00f3n del escenario: el trauma se genera en una topolog\u00eda que no es fisiol\u00f3gica pero la pone a trabajar; es insconciente pero toma como esclavo al yo; una persona con trauma es evidente en su comportamiento en el sal\u00f3n.<\/li>\n<\/ul>\n\n\n\n<p>En este contexto, las pedagog\u00edas del trauma adquieren un papel central al ofrecer un marco conceptual que permite comprender y abordar estas din\u00e1micas, planteando la educaci\u00f3n no solo como un espacio para la transmisi\u00f3n de saberes, sino tambi\u00e9n como un medio para fomentar el bienestar emocional y la recuperaci\u00f3n de la salud individual y colectiva.<\/p>\n\n\n\n<figure class=\"wp-block-image aligncenter size-full\"><img loading=\"lazy\" decoding=\"async\" width=\"358\" height=\"202\" src=\"https:\/\/revistaece.dataware.cloud\/wp-content\/uploads\/2025\/08\/image-12.png\" alt=\"\" class=\"wp-image-444\" srcset=\"https:\/\/revistaece.dataware.cloud\/wp-content\/uploads\/2025\/08\/image-12.png 358w, https:\/\/revistaece.dataware.cloud\/wp-content\/uploads\/2025\/08\/image-12-300x169.png 300w\" sizes=\"auto, (max-width: 358px) 100vw, 358px\" \/><figcaption class=\"wp-element-caption\"><em>Fuente: elaboraci\u00f3n propia (canva IA).<\/em><\/figcaption><\/figure>\n\n\n\n<p class=\"has-medium-font-size\">La escuela del trauma en M\u00e9xico<\/p>\n\n\n\n<p>M\u00e9xico se encuentra en un lamentable problema de violencia generalizada, donde la polic\u00eda va a atr\u00e1s de los delincuentes, siguiendoles el paso como un perro tras la salchicha, sin inteligencia, sin estrategia y sin pol\u00edtica efectiva.<\/p>\n\n\n\n<p>No nos referimos a lo que Autoridad Educativa Federal propone como la \u201cpedagog\u00eda de emergencia\u201d, cuyo objetivo es conocer los fundamentos y herramientas did\u00e1cticas para acompa\u00f1ar los casos de trauma que pueden presentar en alg\u00fan momento de su desarrollo las y los estudiantes, sino al contrario, se trata de una investigaci\u00f3n te\u00f3rica explicativa de los fundamentos cognitivos del trauma, no de lo que se deber\u00eda hacer con ello ni de su aplicaci\u00f3n pragm\u00e1tica para un problema individual (SEP, 2021).<\/p>\n\n\n\n<p>La ciencia de la personalidad se encuentra detenida de las investigaciones de la psicolog\u00eda desde los a\u00f1os 80s del siglo pasado, desarrollado (al menos enunciativamente) por la ciencia cognitiva y conductual, as\u00ed como por la psicolog\u00eda general, por lo que la presente investigaci\u00f3n busca generar una s\u00edntesis de las investigaciones contempor\u00e1neas, considerando las primeras bases te\u00f3ricas y aportaciones fundacionales del entendimiento sobre el trauma y la enfermedad, a la luz de la moderna teor\u00eda del campo de las pedagog\u00edas psicol\u00f3gicas sobre el trauma. El trauma deviene en formaciones de la personalidad patol\u00f3gicas, y se notan en el rendimiento educativo de las personas, diferenciadas por las pedagog\u00edas de su historizaci\u00f3n y el contexto de las pr\u00e1cticas de crianza; que las violencias generan experiencias adversas es elemental entenderlo, por su impacto en la formaci\u00f3n de la personalidad de manera recurrente, con efectos educativos significantes a gran escala; y que las experiencias adversas no siempre devienen en traumas, como se podr\u00e1 colegir.<\/p>\n\n\n\n<figure class=\"wp-block-image aligncenter size-full\"><img loading=\"lazy\" decoding=\"async\" width=\"350\" height=\"198\" src=\"https:\/\/revistaece.dataware.cloud\/wp-content\/uploads\/2025\/08\/image-13.png\" alt=\"\" class=\"wp-image-445\" srcset=\"https:\/\/revistaece.dataware.cloud\/wp-content\/uploads\/2025\/08\/image-13.png 350w, https:\/\/revistaece.dataware.cloud\/wp-content\/uploads\/2025\/08\/image-13-300x170.png 300w\" sizes=\"auto, (max-width: 350px) 100vw, 350px\" \/><figcaption class=\"wp-element-caption\"><em>Fuente: elaboraci\u00f3n propia (canva IA).<\/em><\/figcaption><\/figure>\n\n\n\n<p class=\"has-medium-font-size\">Conclusiones<\/p>\n\n\n\n<p>El trauma tiene un fuerte, insconsciente y permante elemento educativo, y se aprende de diversas maneras y formas.<\/p>\n\n\n\n<p>Las pedagog\u00edas del trauma tienen relaci\u00f3n directa con los valores vinculantes con los que las personas se forman de manera diaria en la casa, en la calle y en la escuela, con la forma en que son educadores y ense\u00f1ados para resolver problemas.&nbsp;<\/p>\n\n\n\n<p>El problema de la noci\u00f3n de autoridad sigue siendo vigente para entender los diversos problemas cognitivos que se viven en las comunidades educativas, donde llama la atenci\u00f3n la corrupci\u00f3n que sigue gobernando el sistema educativo nacional.&nbsp;<\/p>\n\n\n\n<p><strong>Palabras clave:<\/strong> pedagog\u00eda; trauma; educaci\u00f3n; cognici\u00f3n; psicolog\u00eda.<\/p>\n\n\n\n<p class=\"has-medium-font-size\"><strong>Agradecimientos<\/strong><\/p>\n\n\n\n<p>Se agradece a la Asociaci\u00f3n Mexicana de Psicolog\u00eda y Desarrollo Comunitario por sus facilidades en la preparaci\u00f3n de la investigaci\u00f3n de doctorado.<\/p>\n\n\n\n<p class=\"has-medium-font-size\"><strong>Referencias bibliogr\u00e1ficas<\/strong><\/p>\n\n\n\n<ul class=\"wp-block-list\">\n<li>Bruner, J. (2018). La educaci\u00f3n como invento social. <em>Desarrollo cognitivo y Educaci\u00f3n<\/em>. Ediciones Morata.<\/li>\n<\/ul>\n\n\n\n<ul class=\"wp-block-list\">\n<li>Felitti, V., Anda, R. (s\/f). <em>Las experiencias adversas en la infancia (EAI) y su relaci\u00f3n con la enfermedad, el trastorno psiqui\u00e1trico y la conducta sexual en la edad adulta: implicaciones para el cuidado de la salud<\/em>. Cambridge Medicina.<\/li>\n<\/ul>\n\n\n\n<ul class=\"wp-block-list\">\n<li>Freire, P. (2012). Alfabetizaci\u00f3n y miseria. <em>Pedagog\u00edas de la indignaci\u00f3n: cartas pedag\u00f3gicas en un mundo revuelto<\/em>. Siglo veintiuno Editores.<\/li>\n<\/ul>\n\n\n\n<ul class=\"wp-block-list\">\n<li>Herrera-Lasso, L. (2013). <em>Factores que propician la violencia y la inseguridad: apuntes para una estrategia integral de seguridad p\u00fablica en M\u00e9xico<\/em>. COLMEX. <a href=\"https:\/\/cei.colmex.mx\/archivos\/213\/Luis_Herrera-Lasso__Factores_que_propician_la_violencia_y_la_inseguridad.pdf\">https:\/\/cei.colmex.mx\/archivos\/213\/Luis_Herrera-Lasso__Factores_que_propician_la_violencia_y_la_inseguridad.pdf<\/a>&nbsp;&nbsp;&nbsp;<\/li>\n<\/ul>\n\n\n\n<ul class=\"wp-block-list\">\n<li>SEP. (2021). <em>Herramientas de Acompa\u00f1amiento Socioemocional<\/em>. <a href=\"https:\/\/educacionbasica.sep.gob.mx\/multimedia\/RSC\/BASICA\/Documento\/202108\/202108-RSC-Herramientas%20para%20el%20acompanamiento%20socioemocional_19Ago21.pdf\">https:\/\/educacionbasica.sep.gob.mx\/multimedia\/RSC\/BASICA\/Documento\/202108\/202108-RSC-Herramientas%20para%20el%20acompanamiento%20socioemocional_19Ago21.pdf<\/a><\/li>\n<\/ul>\n\n\n\n\n\n<p><strong>Boris Gonz\u00e1lez Ceja: <\/strong>Psic\u00f3logo experto en salud mental, ganador del premio de ciencia 2022, otorgado por el Gobernador de Michoac\u00e1n, Secretario General de la Asociaci\u00f3n Mexicana de Psicolog\u00eda y Desarrollo Comunitario. Estudiante del Doctorado en Educaci\u00f3n por el IMCED.<\/p>\n\n\n\n<p><strong>Contacto:<\/strong> <a href=\"mailto:boris@psicologiaydesarrollocomunitario.com\">boris@psicologiaydesarrollocomunitario.com<\/a> y <a href=\"http:\/\/www.psicologiaydesarrollocomunitario.com\/\">www.psicologiaydesarrollocomunitario.com<\/a>&nbsp;<\/p>\n\n\n\n<p><strong>ORCID<\/strong> <a href=\"https:\/\/orcid.org\/0000-0002-3361-2308\"><em>https:\/\/orcid.org\/0000-0002-3361-2308<\/em><\/a><\/p>\n\n\n\n<p><\/p>\n","protected":false},"excerpt":{"rendered":"<p>Boris Gonz\u00e1lez Ceja Introducci\u00f3n \u00bfC\u00f3mo es que el trauma llega a aprenderse y a reconocerse por las personas? \u00bfLa ciencia [&hellip;]<\/p>\n","protected":false},"author":1,"featured_media":0,"comment_status":"closed","ping_status":"closed","sticky":false,"template":"","format":"standard","meta":{"_uag_custom_page_level_css":"","site-sidebar-layout":"default","site-content-layout":"","ast-site-content-layout":"default","site-content-style":"default","site-sidebar-style":"default","ast-global-header-display":"","ast-banner-title-visibility":"","ast-main-header-display":"","ast-hfb-above-header-display":"","ast-hfb-below-header-display":"","ast-hfb-mobile-header-display":"","site-post-title":"","ast-breadcrumbs-content":"","ast-featured-img":"","footer-sml-layout":"","ast-disable-related-posts":"","theme-transparent-header-meta":"","adv-header-id-meta":"","stick-header-meta":"","header-above-stick-meta":"","header-main-stick-meta":"","header-below-stick-meta":"","astra-migrate-meta-layouts":"default","ast-page-background-enabled":"default","ast-page-background-meta":{"desktop":{"background-color":"var(--ast-global-color-5)","background-image":"","background-repeat":"repeat","background-position":"center center","background-size":"auto","background-attachment":"scroll","background-type":"","background-media":"","overlay-type":"","overlay-color":"","overlay-opacity":"","overlay-gradient":""},"tablet":{"background-color":"","background-image":"","background-repeat":"repeat","background-position":"center center","background-size":"auto","background-attachment":"scroll","background-type":"","background-media":"","overlay-type":"","overlay-color":"","overlay-opacity":"","overlay-gradient":""},"mobile":{"background-color":"","background-image":"","background-repeat":"repeat","background-position":"center center","background-size":"auto","background-attachment":"scroll","background-type":"","background-media":"","overlay-type":"","overlay-color":"","overlay-opacity":"","overlay-gradient":""}},"ast-content-background-meta":{"desktop":{"background-color":"var(--ast-global-color-4)","background-image":"","background-repeat":"repeat","background-position":"center center","background-size":"auto","background-attachment":"scroll","background-type":"","background-media":"","overlay-type":"","overlay-color":"","overlay-opacity":"","overlay-gradient":""},"tablet":{"background-color":"var(--ast-global-color-4)","background-image":"","background-repeat":"repeat","background-position":"center center","background-size":"auto","background-attachment":"scroll","background-type":"","background-media":"","overlay-type":"","overlay-color":"","overlay-opacity":"","overlay-gradient":""},"mobile":{"background-color":"var(--ast-global-color-4)","background-image":"","background-repeat":"repeat","background-position":"center center","background-size":"auto","background-attachment":"scroll","background-type":"","background-media":"","overlay-type":"","overlay-color":"","overlay-opacity":"","overlay-gradient":""}},"footnotes":""},"categories":[78],"tags":[64,63,71],"class_list":["post-442","post","type-post","status-publish","format-standard","hentry","category-enero-junio-2026","tag-educacion","tag-trauma","tag-vulnerabilidad"],"spectra_custom_meta":{"_edit_lock":["1765304771:1"],"_edit_last":["1"],"_uagb_previous_block_counts":["a:90:{s:21:\"uagb\/advanced-heading\";i:0;s:15:\"uagb\/blockquote\";i:0;s:12:\"uagb\/buttons\";i:1;s:18:\"uagb\/buttons-child\";i:1;s:19:\"uagb\/call-to-action\";i:0;s:15:\"uagb\/cf7-styler\";i:0;s:11:\"uagb\/column\";i:0;s:12:\"uagb\/columns\";i:0;s:14:\"uagb\/container\";i:0;s:21:\"uagb\/content-timeline\";i:0;s:27:\"uagb\/content-timeline-child\";i:0;s:14:\"uagb\/countdown\";i:0;s:12:\"uagb\/counter\";i:0;s:8:\"uagb\/faq\";i:0;s:14:\"uagb\/faq-child\";i:0;s:10:\"uagb\/forms\";i:0;s:17:\"uagb\/forms-accept\";i:0;s:19:\"uagb\/forms-checkbox\";i:0;s:15:\"uagb\/forms-date\";i:0;s:16:\"uagb\/forms-email\";i:0;s:17:\"uagb\/forms-hidden\";i:0;s:15:\"uagb\/forms-name\";i:0;s:16:\"uagb\/forms-phone\";i:0;s:16:\"uagb\/forms-radio\";i:0;s:17:\"uagb\/forms-select\";i:0;s:19:\"uagb\/forms-textarea\";i:0;s:17:\"uagb\/forms-toggle\";i:0;s:14:\"uagb\/forms-url\";i:0;s:14:\"uagb\/gf-styler\";i:0;s:15:\"uagb\/google-map\";i:0;s:11:\"uagb\/how-to\";i:0;s:16:\"uagb\/how-to-step\";i:0;s:9:\"uagb\/icon\";i:0;s:14:\"uagb\/icon-list\";i:0;s:20:\"uagb\/icon-list-child\";i:0;s:10:\"uagb\/image\";i:0;s:18:\"uagb\/image-gallery\";i:0;s:13:\"uagb\/info-box\";i:0;s:18:\"uagb\/inline-notice\";i:0;s:11:\"uagb\/lottie\";i:0;s:21:\"uagb\/marketing-button\";i:0;s:10:\"uagb\/modal\";i:0;s:18:\"uagb\/popup-builder\";i:0;s:16:\"uagb\/post-button\";i:0;s:18:\"uagb\/post-carousel\";i:0;s:17:\"uagb\/post-excerpt\";i:0;s:14:\"uagb\/post-grid\";i:0;s:15:\"uagb\/post-image\";i:0;s:17:\"uagb\/post-masonry\";i:0;s:14:\"uagb\/post-meta\";i:0;s:18:\"uagb\/post-taxonomy\";i:0;s:18:\"uagb\/post-timeline\";i:0;s:15:\"uagb\/post-title\";i:0;s:20:\"uagb\/restaurant-menu\";i:0;s:26:\"uagb\/restaurant-menu-child\";i:0;s:11:\"uagb\/review\";i:0;s:12:\"uagb\/section\";i:0;s:14:\"uagb\/separator\";i:0;s:11:\"uagb\/slider\";i:0;s:17:\"uagb\/slider-child\";i:0;s:17:\"uagb\/social-share\";i:0;s:23:\"uagb\/social-share-child\";i:0;s:16:\"uagb\/star-rating\";i:0;s:23:\"uagb\/sure-cart-checkout\";i:0;s:22:\"uagb\/sure-cart-product\";i:0;s:15:\"uagb\/sure-forms\";i:0;s:22:\"uagb\/table-of-contents\";i:0;s:9:\"uagb\/tabs\";i:0;s:15:\"uagb\/tabs-child\";i:0;s:18:\"uagb\/taxonomy-list\";i:0;s:9:\"uagb\/team\";i:0;s:16:\"uagb\/testimonial\";i:0;s:14:\"uagb\/wp-search\";i:0;s:19:\"uagb\/instagram-feed\";i:0;s:10:\"uagb\/login\";i:0;s:17:\"uagb\/loop-builder\";i:0;s:18:\"uagb\/loop-category\";i:0;s:20:\"uagb\/loop-pagination\";i:0;s:15:\"uagb\/loop-reset\";i:0;s:16:\"uagb\/loop-search\";i:0;s:14:\"uagb\/loop-sort\";i:0;s:17:\"uagb\/loop-wrapper\";i:0;s:13:\"uagb\/register\";i:0;s:19:\"uagb\/register-email\";i:0;s:24:\"uagb\/register-first-name\";i:0;s:23:\"uagb\/register-last-name\";i:0;s:22:\"uagb\/register-password\";i:0;s:30:\"uagb\/register-reenter-password\";i:0;s:19:\"uagb\/register-terms\";i:0;s:22:\"uagb\/register-username\";i:0;}"],"_uag_css_file_name":["uag-css-442.css"],"_uag_js_file_name":["uag-js-442.js"],"_uagb_last_spectra_edit":["1776758939"],"_uag_page_assets":["a:9:{s:3:\"css\";s:6396:\".uagb-buttons__outer-wrap .uagb-buttons__wrap{display:inline-flex;width:100%}.uagb-buttons__outer-wrap.uagb-btn__small-btn .uagb-buttons-repeater.wp-block-button__link:not(.is-style-outline),.uagb-buttons__outer-wrap.uagb-btn__small-btn .uagb-buttons-repeater.ast-outline-button{padding:5px 10px}.uagb-buttons__outer-wrap.uagb-btn__medium-btn .uagb-buttons-repeater.wp-block-button__link:not(.is-style-outline),.uagb-buttons__outer-wrap.uagb-btn__medium-btn .uagb-buttons-repeater.ast-outline-button{padding:12px 24px}.uagb-buttons__outer-wrap.uagb-btn__large-btn .uagb-buttons-repeater.wp-block-button__link:not(.is-style-outline),.uagb-buttons__outer-wrap.uagb-btn__large-btn .uagb-buttons-repeater.ast-outline-button{padding:20px 30px}.uagb-buttons__outer-wrap.uagb-btn__extralarge-btn .uagb-buttons-repeater.wp-block-button__link:not(.is-style-outline),.uagb-buttons__outer-wrap.uagb-btn__extralarge-btn .uagb-buttons-repeater.ast-outline-button{padding:30px 65px}@media(max-width: 976px){.uagb-buttons__outer-wrap.uagb-btn-tablet__small-btn .uagb-buttons-repeater.wp-block-button__link:not(.is-style-outline),.uagb-buttons__outer-wrap.uagb-btn-tablet__small-btn .uagb-buttons-repeater.ast-outline-button{padding:5px 10px}.uagb-buttons__outer-wrap.uagb-btn-tablet__medium-btn .uagb-buttons-repeater.wp-block-button__link:not(.is-style-outline),.uagb-buttons__outer-wrap.uagb-btn-tablet__medium-btn .uagb-buttons-repeater.ast-outline-button{padding:12px 24px}.uagb-buttons__outer-wrap.uagb-btn-tablet__large-btn .uagb-buttons-repeater.wp-block-button__link:not(.is-style-outline),.uagb-buttons__outer-wrap.uagb-btn-tablet__large-btn .uagb-buttons-repeater.ast-outline-button{padding:20px 30px}.uagb-buttons__outer-wrap.uagb-btn-tablet__extralarge-btn .uagb-buttons-repeater.wp-block-button__link:not(.is-style-outline),.uagb-buttons__outer-wrap.uagb-btn-tablet__extralarge-btn .uagb-buttons-repeater.ast-outline-button{padding:30px 65px}}@media(max-width: 767px){.uagb-buttons__outer-wrap.uagb-btn-mobile__small-btn .uagb-buttons-repeater.wp-block-button__link:not(.is-style-outline),.uagb-buttons__outer-wrap.uagb-btn-mobile__small-btn .uagb-buttons-repeater.ast-outline-button{padding:5px 10px}.uagb-buttons__outer-wrap.uagb-btn-mobile__medium-btn .uagb-buttons-repeater.wp-block-button__link:not(.is-style-outline),.uagb-buttons__outer-wrap.uagb-btn-mobile__medium-btn .uagb-buttons-repeater.ast-outline-button{padding:12px 24px}.uagb-buttons__outer-wrap.uagb-btn-mobile__large-btn .uagb-buttons-repeater.wp-block-button__link:not(.is-style-outline),.uagb-buttons__outer-wrap.uagb-btn-mobile__large-btn .uagb-buttons-repeater.ast-outline-button{padding:20px 30px}.uagb-buttons__outer-wrap.uagb-btn-mobile__extralarge-btn .uagb-buttons-repeater.wp-block-button__link:not(.is-style-outline),.uagb-buttons__outer-wrap.uagb-btn-mobile__extralarge-btn .uagb-buttons-repeater.ast-outline-button{padding:30px 65px}}.uagb-buttons__outer-wrap .uagb-buttons-repeater{display:flex;justify-content:center;align-items:center;transition:box-shadow .2s ease}.uagb-buttons__outer-wrap .uagb-buttons-repeater a.uagb-button__link{display:flex;justify-content:center}.uagb-buttons__outer-wrap .uagb-buttons-repeater .uagb-button__icon{font-size:inherit;display:flex;align-items:center}.uagb-buttons__outer-wrap .uagb-buttons-repeater .uagb-button__icon svg{fill:currentColor;width:inherit;height:inherit}.uagb-block-3d390f79.wp-block-uagb-buttons.uagb-buttons__outer-wrap .uagb-buttons__wrap {gap: 10px;}.uagb-block-3d390f79.uagb-buttons__outer-wrap .uagb-buttons__wrap {justify-content: right;align-items: center;}.wp-block-uagb-buttons .uagb-block-de3cc467 .uagb-button__wrapper  .uagb-buttons-repeater.wp-block-button__link{box-shadow: 0px 0px 0 #00000026;}.wp-block-uagb-buttons .uagb-block-de3cc467 .uagb-button__wrapper  .uagb-buttons-repeater.wp-block-button__link:hover{box-shadow: 0px 0px 0 #00000026;}.wp-block-uagb-buttons .uagb-block-de3cc467 .uagb-buttons-repeater.wp-block-button__link{border-top-width: 1px;border-left-width: 1px;border-right-width: 1px;border-bottom-width: 1px;border-color: #333;border-style: solid;}.wp-block-uagb-buttons .uagb-block-de3cc467 .uagb-buttons-repeater.wp-block-button__link:hover{border-color: #333;}.wp-block-uagb-buttons .uagb-block-de3cc467 .uagb-buttons-repeater.wp-block-button__link:focus{border-color: #333;}.wp-block-uagb-buttons .uagb-block-de3cc467.wp-block-button.is-style-outline .uagb-button__wrapper .wp-block-button__link.uagb-buttons-repeater{border-top-width: 1px;border-left-width: 1px;border-right-width: 1px;border-bottom-width: 1px;border-color: #333;border-style: solid;}.wp-block-uagb-buttons .uagb-block-de3cc467.wp-block-button.is-style-outline .uagb-button__wrapper .wp-block-button__link.uagb-buttons-repeater:hover{border-color: #333;}.wp-block-uagb-buttons .uagb-block-de3cc467 .uagb-buttons-repeater .uagb-button__icon > svg{width: 15px;height: 15px;}.wp-block-uagb-buttons .uagb-block-de3cc467 .uagb-buttons-repeater .uagb-button__icon-position-after{margin-left: 8px;}.wp-block-uagb-buttons .uagb-block-de3cc467 .uagb-buttons-repeater .uagb-button__icon-position-before{margin-right: 8px;}.wp-block-uagb-buttons .uagb-block-de3cc467 .uagb-button__link{text-transform: normal;text-decoration: none;}@media only screen and (max-width: 976px) {.uagb-block-3d390f79.uagb-buttons__outer-wrap .uagb-buttons__wrap {justify-content: center;align-items: center;}.uagb-block-3d390f79.uagb-buttons__outer-wrap .uagb-buttons__wrap .wp-block-button{width: auto;}.wp-block-uagb-buttons .uagb-block-de3cc467.wp-block-button.is-style-outline .uagb-button__wrapper .wp-block-button__link.uagb-buttons-repeater{border-style: solid;border-color: #333;}.wp-block-uagb-buttons .uagb-block-de3cc467 .uagb-buttons-repeater.wp-block-button__link{border-style: solid;border-color: #333;}}@media only screen and (max-width: 767px) {.uagb-block-3d390f79.uagb-buttons__outer-wrap .uagb-buttons__wrap {justify-content: center;align-items: center;}.uagb-block-3d390f79.uagb-buttons__outer-wrap .uagb-buttons__wrap .wp-block-button{width: auto;}.wp-block-uagb-buttons .uagb-block-de3cc467.wp-block-button.is-style-outline .uagb-button__wrapper .wp-block-button__link.uagb-buttons-repeater{border-style: solid;border-color: #333;}.wp-block-uagb-buttons .uagb-block-de3cc467 .uagb-buttons-repeater.wp-block-button__link{border-style: solid;border-color: #333;}}\";s:2:\"js\";s:161:\"document.addEventListener(\"DOMContentLoaded\", function(){ window.addEventListener( 'load', function() {\n\tUAGBButtonChild.init( '.uagb-block-de3cc467' );\n});\n });\";s:18:\"current_block_list\";a:12:{i:0;s:14:\"core\/paragraph\";i:1;s:12:\"uagb\/buttons\";i:2;s:18:\"uagb\/buttons-child\";i:3;s:10:\"core\/image\";i:4;s:9:\"core\/list\";i:5;s:14:\"core\/list-item\";i:6;s:26:\"core\/post-author-biography\";i:7;s:11:\"core\/search\";i:8;s:10:\"core\/group\";i:9;s:12:\"core\/heading\";i:10;s:17:\"core\/latest-posts\";i:11;s:15:\"core\/categories\";}s:8:\"uag_flag\";b:1;s:11:\"uag_version\";s:10:\"1777500387\";s:6:\"gfonts\";a:1:{s:7:\"Default\";a:2:{s:10:\"fontfamily\";s:7:\"Default\";s:12:\"fontvariants\";a:0:{}}}s:10:\"gfonts_url\";s:0:\"\";s:12:\"gfonts_files\";a:0:{}s:14:\"uag_faq_layout\";b:0;}"]},"uagb_featured_image_src":{"full":false,"thumbnail":false,"medium":false,"medium_large":false,"large":false,"1536x1536":false,"2048x2048":false},"uagb_author_info":{"display_name":"admin","author_link":"https:\/\/revistaece.dataware.cloud\/?author=1"},"uagb_comment_info":0,"uagb_excerpt":"Boris Gonz\u00e1lez Ceja Introducci\u00f3n \u00bfC\u00f3mo es que el trauma llega a aprenderse y a reconocerse por las personas? \u00bfLa ciencia [&hellip;]","_links":{"self":[{"href":"https:\/\/revistaece.dataware.cloud\/index.php?rest_route=\/wp\/v2\/posts\/442","targetHints":{"allow":["GET"]}}],"collection":[{"href":"https:\/\/revistaece.dataware.cloud\/index.php?rest_route=\/wp\/v2\/posts"}],"about":[{"href":"https:\/\/revistaece.dataware.cloud\/index.php?rest_route=\/wp\/v2\/types\/post"}],"author":[{"embeddable":true,"href":"https:\/\/revistaece.dataware.cloud\/index.php?rest_route=\/wp\/v2\/users\/1"}],"replies":[{"embeddable":true,"href":"https:\/\/revistaece.dataware.cloud\/index.php?rest_route=%2Fwp%2Fv2%2Fcomments&post=442"}],"version-history":[{"count":3,"href":"https:\/\/revistaece.dataware.cloud\/index.php?rest_route=\/wp\/v2\/posts\/442\/revisions"}],"predecessor-version":[{"id":465,"href":"https:\/\/revistaece.dataware.cloud\/index.php?rest_route=\/wp\/v2\/posts\/442\/revisions\/465"}],"wp:attachment":[{"href":"https:\/\/revistaece.dataware.cloud\/index.php?rest_route=%2Fwp%2Fv2%2Fmedia&parent=442"}],"wp:term":[{"taxonomy":"category","embeddable":true,"href":"https:\/\/revistaece.dataware.cloud\/index.php?rest_route=%2Fwp%2Fv2%2Fcategories&post=442"},{"taxonomy":"post_tag","embeddable":true,"href":"https:\/\/revistaece.dataware.cloud\/index.php?rest_route=%2Fwp%2Fv2%2Ftags&post=442"}],"curies":[{"name":"wp","href":"https:\/\/api.w.org\/{rel}","templated":true}]}}