{"id":316,"date":"2025-08-10T11:03:46","date_gmt":"2025-08-10T17:03:46","guid":{"rendered":"https:\/\/revistaece.dataware.cloud\/?p=316"},"modified":"2025-09-23T09:46:59","modified_gmt":"2025-09-23T15:46:59","slug":"la-relacion-entre-vulnerabilidad-resiliencia-e-individuo","status":"publish","type":"post","link":"https:\/\/revistaece.dataware.cloud\/?p=316","title":{"rendered":"La Relaci\u00f3n entre Vulnerabilidad, Resiliencia e Individuo"},"content":{"rendered":"\n<div class=\"wp-block-uagb-buttons uagb-buttons__outer-wrap uagb-btn__default-btn uagb-btn-tablet__default-btn uagb-btn-mobile__default-btn uagb-block-5a81cf7c\"><div class=\"uagb-buttons__wrap uagb-buttons-layout-wrap \">\n<div class=\"wp-block-uagb-buttons-child uagb-buttons__outer-wrap uagb-block-d86b5906 wp-block-button\"><div class=\"uagb-button__wrapper\"><a class=\"uagb-buttons-repeater wp-block-button__link\" aria-label=\"\" href=\"#\" rel=\"follow noopener\" target=\"_self\" role=\"button\"><div class=\"uagb-button__link\">ISSN: <strong>3061-7936<\/strong><\/div><\/a><\/div><\/div>\n\n\n\n<div class=\"wp-block-uagb-buttons-child uagb-buttons__outer-wrap uagb-block-721bcf11 wp-block-button\"><div class=\"uagb-button__wrapper\"><a class=\"uagb-buttons-repeater wp-block-button__link\" aria-label=\"\" href=\"#\" rel=\"follow noopener\" target=\"_self\" role=\"button\"><div class=\"uagb-button__link\">DOI: 10.64121\/rece.2024v1.nn008<\/div><\/a><\/div><\/div>\n\n\n\n<div class=\"wp-block-uagb-buttons-child uagb-buttons__outer-wrap uagb-block-072300f8 wp-block-button\"><div class=\"uagb-button__wrapper\"><a class=\"uagb-buttons-repeater wp-block-button__link\" aria-label=\"\" href=\"https:\/\/revistaece.dataware.cloud\/wp-content\/uploads\/2025\/08\/Revista-1-2024-La-Relacion-entre-Vulnerabilidad.pdf\" rel=\"follow noopener\" target=\"_self\" role=\"button\"><div class=\"uagb-button__link\">PDF<\/div><\/a><\/div><\/div>\n<\/div><\/div>\n\n\n\n<p class=\"has-text-align-center\"><strong>Celia Am\u00e9rica-Nieto del Valle<\/strong><a href=\"#_ftn1\" id=\"_ftnref1\"><strong>[1]<\/strong><\/a><strong>,Victor Fernando-Nieto del Valle<\/strong><a href=\"#_ftn2\" id=\"_ftnref2\"><strong>[2]<\/strong><\/a><strong><\/strong><\/p>\n\n\n\n<hr class=\"wp-block-separator has-alpha-channel-opacity\"\/>\n\n\n\n<h2 class=\"wp-block-heading\">Summary<strong><\/strong><\/h2>\n\n\n\n<p>The vulnerability in children and teenagers is a relevant topic in the scientific and social area, derived from its significant impact on the development and well-being of this population. Understanding and studying this phenomenon has become imperative, because allow to identify the factors which contribute to vulnerability and taking measures to prevent and mitigate their adverse consequences.<\/p>\n\n\n\n<h2 class=\"wp-block-heading\">Resumen<\/h2>\n\n\n\n<p>La vulnerabilidad en ni\u00f1os y adolescentes es un tema de gran relevancia en el \u00e1mbito cient\u00edfico y social, dado su impacto significativo en el desarrollo y bienestar de esta poblaci\u00f3n. Comprender y estudiar este fen\u00f3meno se ha vuelto imperativo, ya que permite identificar los factores que contribuyen a la vulnerabilidad y, a su vez, tomar medidas para prevenir y mitigar sus consecuencias adversas.<\/p>\n\n\n\n<h2 class=\"wp-block-heading\">Vulnerabilidad, resiliencia e individuo<\/h2>\n\n\n\n<p>La vulnerabilidad es un problema social, incluso se puede hablar que es un fen\u00f3meno hist\u00f3rico desde la antig\u00fcedad, a comienzos de este siglo la vulnerabilidad se ha integrado en la sociedad, marcado \u00faltimamente como un dominante aspecto cultural de nuestra Am\u00e9rica Latina, actualmente algunos investigadores consideramos que es un problema de salud p\u00fablica.<\/p>\n\n\n\n<p>Existen cifras y estimaciones tanto de la UNICEF como la ONU donde se calculan que, en la actualidad, 400 millones de ni\u00f1os y ni\u00f1as aproximadamente se encuentran en un mundo cada vez m\u00e1s hostil. &nbsp;Los dirigentes mundiales reconocen el problema en sus pa\u00edses, reconociendo que todos los ni\u00f1os y ni\u00f1as tienen derechos inalienables, reconocen la Convenci\u00f3n de las Naciones Unidas sobre los Derechos del Ni\u00f1o, reconocen el marco jur\u00eddico internacional, incluso es conocido el actuar de estos representantes, donde los discursos garantizan la protecci\u00f3n y el respeto de esos derechos. La directora ejecutiva de <a href=\"https:\/\/www.unicef.org\/es\/comunicados-prensa\/ninos-viven-mundo-cada-vez-mas-hostil-a-sus-derechos\">UNICEF<\/a> Catherine Russell refiere \u201cDesgraciadamente, los ni\u00f1os y ni\u00f1as de hoy viven en un mundo cada vez m\u00e1s hostil a sus derechos\u201d tambi\u00e9n comenta \u201cQue esto coincida con otras crisis que est\u00e1n vulnerando los derechos de la infancia es profundamente preocupante. Entre ellas, el aumento de la pobreza y la desigualdad, las emergencias de salud p\u00fablica y, por supuesto, la crisis clim\u00e1tica mundial\u201d, esto es un fen\u00f3meno social, es un claro ejemplo de la importancia en entender la cosmovisi\u00f3n de la vulnerabilidad y su resiliencia en el individuo.<\/p>\n\n\n\n<p>La vulnerabilidad se ha considerado en un rango sociocultural en estos tiempos, la vulnerabilidad es un fen\u00f3meno social mas distintivo por contener aspectos de marginalidad. Donde se afectan esferas bien identificadas, Familiar, Personal, Social, Salud y Escolar. La vulnerabilidad, es el resultado de los impactos provocado por el individuo al individuo.<\/p>\n\n\n\n<p>El aumento de la utilizaci\u00f3n del concepto vulnerabilidad en los \u00faltimos a\u00f1os por las ciencias sociales, a contribuido a familiarizarse con las personas en dicho concepto. En los \u00faltimos tiempos el problema del termino vulnerabilidad constituye en ser un concepto manido en la literatura cient\u00edfica y social, lo que tiene cierta l\u00f3gica.<\/p>\n\n\n\n<p>Para entender un poco m\u00e1s el contexto de vulnerabilidad, es importante rescatar aspectos conceptuales contempor\u00e1neos que permiten establecer una cosmovisi\u00f3n del tema vulnerabilidad, esto por ser un tema un poco confuso, al ser una palabra aplicable en diferentes \u00e1mbitos o ciencias, por ser un t\u00e9rmino con m\u00faltiples connotaciones. Dentro de estas connotaciones, es aceptable la definici\u00f3n que explica <a href=\"https:\/\/scielo.isciii.es\/pdf\/asisna\/v30s3\/original1.pdf\">L. Feito (2017)<\/a>, donde establece tres entendimientos o caracter\u00edsticas: una es \u201cposibilidad de un humano de ser herido\u201d, mientras la segunda es \u201cuna caracter\u00edstica de lo humano que parece evidente desde una perspectiva antropol\u00f3gica\u201d y la tercera, m\u00e1s clara, \u201cposibilidad del da\u00f1o\u201d, donde te lleva de la mano, ya que establece una ruta de entendimiento de lo general a lo particular, quedando claro el concepto.<\/p>\n\n\n\n<p>Otra contextualizaci\u00f3n de vulnerabilidad es la que proporciona <a href=\"https:\/\/archivos.juridicas.unam.mx\/www\/bjv\/libros\/9\/4242\/4.pdf\">Tello Moreno<\/a> en su publicaci\u00f3n titulada Derechos humanos y vulnerabilidad, donde explica que \u201cla vulnerabilidad es una dimensi\u00f3n relativa, todas las personas podemos ser vulnerables a riesgos concretos, pero cada uno lo es en distintos grados, dependiendo de las caracter\u00edsticas personales, las circunstancias socioecon\u00f3micas, est\u00e9ticas\u201d (2016, p. 28). Dicha definici\u00f3n se puede interpretar como la existencia de diferentes grados y tipos de vulnerabilidad, incluso en contextos externos e internos. La vulnerabilidad tiene la cualidad de ser tangible e intangible. De estos elementos integrantes de la vulnerabilidad e implementados para establecer par\u00e1metros e indicadores tenemos la pobreza, la falta de capacidades, la falta de pertenecer a un n\u00facleo familiar, la falta de conocimiento, la falta de capital social, la falta de salud, la falta de aceptaci\u00f3n personal, la falta de los principios y garant\u00edas sociales.<\/p>\n\n\n\n<p>Actualmente, en el contexto de los derechos humanos, garant\u00edas individuales, discursos de organizaciones sociales, culturales y pol\u00edticas, evitar caer en la vulnerabilidad o generar vulnerabilidad constituye una premisa medular para abordar y mejorar las condiciones de vida, as\u00ed como dar difusi\u00f3n y generar protecci\u00f3n a los derechos del individuo. Por lo tanto, el grado de vulnerabilidad se establece por una mezcla de elementos tangibles e intangibles, donde el primer paso es la aceptaci\u00f3n del fen\u00f3meno. Claro ejemplo es la resoluci\u00f3n de los informes reiterantes de las Naciones Unidas, donde solicita \u201cla adopci\u00f3n de medidas espec\u00edficas para satisfacer las necesidades de condiciones de vida digna para los grupos m\u00e1s vulnerables de la sociedad\u201d (Tello Moreno, 2016, p. 30), donde es evidente la participaci\u00f3n de los organismos internacionales, reconociendo la existencia de la vulnerabilidad y proponiendo soluciones puntuales en busca de mejorar la integridad del individuo.<\/p>\n\n\n\n<p>En dicho comentario, la vulnerabilidad es un aspecto sociocultural desde la formaci\u00f3n del entendimiento humano, es decir, la vulnerabilidad se puede considerar una propiedad humana, con caracter\u00edsticas morfol\u00f3gicas y adaptativas; por esta raz\u00f3n su definici\u00f3n suele ser multivalente, donde diferentes estratos cient\u00edficos dan su connotaci\u00f3n e interpretaci\u00f3n, pero tiene la constancia de encontrarse en diferentes ramas del conocimiento y estar presente a lo largo de la historia humana.<\/p>\n\n\n\n<p>Actualmente se vincula con la palabra v\u00edctima, riesgo; pero si reflexionamos sobre su pertinencia social, es parte del comportamiento humano, es decir comportamiento del individuo y, por lo tanto, del estrato social. Tenemos que dejar de lado la connotaci\u00f3n r\u00edgida de este fen\u00f3meno, \u00a1s\u00ed es un factor limitante y capacitante ante la sociedad!, pero esta visi\u00f3n r\u00edgida no permite ver y darnos cuenta de que la vulnerabilidad es un proceso de adaptabilidad, incluso formaci\u00f3n de car\u00e1cter, donde el individuo apropia estas habilidades en su curva de aprendizaje. No quiere decir que el fen\u00f3meno de vulnerabilidad es bueno o es malo, quiere decir que es un proceso real, constante y cotidiano, se encuentra en todos los estratos de una sociedad, no respeta edad, g\u00e9nero, cultura. Debe aprenderse a conocer e identificar para poder evitar dicho fen\u00f3meno, pero \u00bfc\u00f3mo se desencadena este fen\u00f3meno?, \u00bfse nace con la predisposici\u00f3n de generar vulnerabilidad a las personas? Podemos disertar que la vulnerabilidad es caracterizada por establecer resiliencia en cinco dimensiones de manera confiable. Estas dimensiones de la vida del individuo son Familiar, Personal, Social, Salud y Escolar; \u00c1rea Familiar, ambiente familiar, l\u00edmites, calidad en las relaciones familiares, desaprobaci\u00f3n en las relaciones, problemas de salud de los padres, inconsistencia familiar. \u00c1rea Social, problemas interpersonales. \u00c1rea Escolar, problemas de relaci\u00f3n, rendimiento inadecuado. \u00c1rea Personal, sentimiento de inseguridad, susceptibilidad social, metas, autoconcepto positivo, vulnerabilidad emocional, desorganizaci\u00f3n, autoconcepto negativo. \u00c1rea Salud, patr\u00f3n de consumo de alcohol, malestar f\u00edsico, alteraciones del sue\u00f1o, ausencia de adicciones. Esto permite conocer la cosmovisi\u00f3n. Y para entender mejor el t\u00f3pico recomendamos abordar el manual Inventario autodescriptivo del adolescente (IADA) del editorial manual moderno.<\/p>\n\n\n\n<h2 class=\"wp-block-heading\">Reflexi\u00f3n<\/h2>\n\n\n\n<p>No solo se trata de reconocer la existencia de vulnerabilidad en la ni\u00f1ez, tampoco de establecer normas y par\u00e1metros de conducta en contra de la vulnerabilidad. Las acciones del individuo tienen que ser colectivas y no quedar en el tintero o un discurso pol\u00edtico. La vulnerabilidad es un fen\u00f3meno social que afecta al individuo; es un fen\u00f3meno c\u00edclico. Para evitar la vulnerabilidad, es necesario que la sociedad tome conciencia de la situaci\u00f3n y trabaje de forma conjunta para erradicarla. Esto significa que la prevenci\u00f3n de la vulnerabilidad debe ser una prioridad para todos los sectores de la sociedad. Es cierto que el hombre vulnera al hombre, pero esto no quiere decir que se deba aceptar como algo normal. El hombre debe aprender a reconocer sus propias vulnerabilidades y a trabajar para corregir sus actos para evitar vulnerar a otros. Esto significa que debemos ser conscientes de la responsabilidad que tenemos.<\/p>\n\n\n\n<p>Si bien es cierto que existen programas educativos y pol\u00edticas para evitar la vulnerabilidad, esto no supone que sean suficientes para erradicarla por completo. Es necesario que la sociedad tome conciencia de la situaci\u00f3n y trabaje de forma conjunta para erradicarla. Ello implica que la prevenci\u00f3n de la vulnerabilidad debe ser una prioridad para todos los sectores de la sociedad, desde el gobierno hasta la familia, pasando por la comunidad. Adem\u00e1s, se deben promover acciones que fomenten la solidaridad, el respeto y la tolerancia entre las personas.<\/p>\n\n\n\n<p>Podemos ayudar a prevenir la vulnerabilidad del hombre al proporcionar informaci\u00f3n y herramientas para que las personas tomen decisiones informadas. Esto incluye el desarrollo de sistemas de alerta temprana para detectar situaciones de vulnerabilidad, el an\u00e1lisis de datos para identificar patrones y tendencias, y el desarrollo de herramientas de apoyo para ayudar a los individuos a la toma de decisiones informadas. Adem\u00e1s de incentivar la solidaridad, el respeto y la tolerancia entre las personas a trav\u00e9s de la educaci\u00f3n y la difusi\u00f3n de informaci\u00f3n.<\/p>\n\n\n\n<h2 class=\"wp-block-heading\"><strong>Glosario<\/strong><\/h2>\n\n\n\n<p><strong>Disertar:<\/strong> Razonar, discurrir detenida y met\u00f3dicamente sobre alguna materia, bien para exponerla, bien para refutar opiniones ajenas.<\/p>\n\n\n\n<p><strong>Vulnerabilidad:<\/strong> Se refiere a la susceptibilidad de ser atacado o herido, ya sea f\u00edsica o moralmente.<\/p>\n\n\n\n<p><strong>Resiliencia:<\/strong> Se refiere a la capacidad de adaptaci\u00f3n de un ser vivo frente a un agente perturbador o un estado o situaci\u00f3n adversos.<\/p>\n\n\n\n<h2 class=\"wp-block-heading\"><strong>Referencias bibliogr\u00e1ficas<\/strong><\/h2>\n\n\n\n<ul class=\"wp-block-list\">\n<li>Tello Moreno, L. F. (2016). Derechos humanos y vulnerabilidad. Jur\u00eddicas Virtual del Instituto de Investigaci\u00f3n Jur\u00eddica de la UNAM (pp. 25-40). <a href=\"https:\/\/archivos.juridicas.unam.mx\/www\/bjv\/libros\/9\/4242\/4.pdf\">https:\/\/archivos.juridicas.unam.mx\/www\/bjv\/libros\/9\/4242\/4.pdf<\/a><\/li>\n<\/ul>\n\n\n\n<ul class=\"wp-block-list\">\n<li>\u00c1ngeles Hern\u00e1ndez, M., Nieto del Valle, C. A., Ayala Virelas, A. R., &amp; Nieto del Valle, V. F. (2023). Vulnerabilidad e Inclusi\u00f3n. Morelia: Porr\u00faa. Obtenido de <a href=\"https:\/\/www.amazon.com.mx\/Vulnerabilidad-inclusi%C3%B3n-investigaci%C3%B3n-universidad-p%C3%BAblica-ebook\/dp\/B0CQ7HJ64N\/ref=sr_1_1?__mk_es_MX=%C3%85M%C3%85%C5%BD%C3%95%C3%91&amp;crid=1AZISUH6VAEW8&amp;dib=eyJ2IjoiMSJ9.3QoOczv8oU1vsvc85NE6ZJPdeIzh_h9qyDVnntC4PWq-f\">https:\/\/www.amazon.com.mx\/Vulnerabilidad-inclusi%C3%B3n-investigaci%C3%B3n-universidad-p%C3%BAblica-ebook\/dp\/B0CQ7HJ64N\/ref=sr_1_1?__mk_es_MX=%C3%85M%C3%85%C5%BD%C3%95%C3%91&amp;crid=1AZISUH6VAEW8&amp;dib=eyJ2IjoiMSJ9.3QoOczv8oU1vsvc85NE6ZJPdeIzh_h9qyDVnntC4PWq-f<\/a><\/li>\n<\/ul>\n\n\n\n<ul class=\"wp-block-list\">\n<li>G\u00f3mez Maqueo, E. L., Barcelata Eguiarte, B. E., &amp; Dur\u00e1n, P. C. (2010). <a>Inventario autodescriptivo del adolescente<\/a> (IADA) manual de aplicaci\u00f3n. M\u00e9xico: Manual Moderno<\/li>\n<\/ul>\n\n\n\n<ul class=\"wp-block-list\">\n<li>Feito, L. (2007). \u201cVulnerabilidad\u201d. Navar, 30(3), 7-22. <a href=\"https:\/\/scielo.isciii.es\/pdf\/asisna\/v30s3\/original1.pdf\">https:\/\/scielo.isciii.es\/pdf\/asisna\/v30s3\/original1.pdf<\/a> UNICEF. (20 de Noviembre de 2023). Declaraci\u00f3n. Recuperado el 8 de Mayo de 2024, de Noticias: <a href=\"https:\/\/www.unicef.org\/es\/comunicados-prensa\/ninos-viven-mundo-cada-vez-mas-hostil-a-sus-derechos\">https:\/\/www.unicef.org\/es\/comunicados-prensa\/ninos-viven-mundo-cada-vez-mas-hostil-a-sus-derechos<\/a><\/li>\n<\/ul>\n\n\n\n<h2 class=\"wp-block-heading has-medium-font-size\">Autor <\/h2>\n\n\n\n<p><a href=\"#_ftnref1\" id=\"_ftn1\">[1]<\/a> <strong>Doctora en Derecho, Egresada del Doctorado interinstitucional en Derecho por la Universidad Aut\u00f3noma de Nayarit. Profesora investigadora de tiempo completo en la Universidad Michoacana de San Nicol\u00e1s de Hidalgo. Correo electr\u00f3nico: avalle@umich.mx y <\/strong><a href=\"http:\/\/www.cienciaeducativa.com\"><strong>www.cienciaeducativa.com<\/strong><\/a><strong> Numero Contacto: 4432276284 https:\/\/orcid.org\/0000-0002-6658-0402<\/strong><\/p>\n\n\n\n<p><a href=\"#_ftnref2\" id=\"_ftn2\">[2]<\/a><strong> Doctor en Educaci\u00f3n, Docente de la Universidad Michoacana de San Nicol\u00e1s de Hidalgo, adscrito al Colegio Primitivo y Nacional de San Nicol\u00e1s de Hidalgo. Correo electr\u00f3nico: fnieto@umich.mx y <\/strong><a href=\"http:\/\/www.cienciaeducativa.com\"><strong>www.cienciaeducativa.com<\/strong><\/a><strong> Numero Contacto: 4433896993 https:\/\/orcid.org\/0000-0002-7999-3548<\/strong><\/p>\n\n\n\n<p><strong>Agradecimientos a estudiantes por su colaboraci\u00f3n:<\/strong><\/p>\n\n\n\n<ul class=\"wp-block-list\">\n<li><strong>Paola Rubi Roblero Zamudio<\/strong>, <strong>Dependencia:<\/strong> Colegio de San Nicolas de Hidalgo <strong>Correo<\/strong>: birualoap431@gmail.com<\/li>\n\n\n\n<li><strong>Yesenia Jorsalti Villatoro Aviles,<\/strong> <strong>Dependencia:<\/strong> Colegio de San Nicolas de Hidalgo <strong>Correo<\/strong>: yjorsaltivillaavi@gmail.com<\/li>\n\n\n\n<li><strong>Luz Elena Ayala Hern\u00e1ndez,<\/strong> <strong>Dependencia:<\/strong> Colegio de San Nicolas de Hidalgo <strong>Correo<\/strong>: luzelenaayalahern\u00e1ndez20d@gmail.com<\/li>\n<\/ul>\n","protected":false},"excerpt":{"rendered":"<p>Celia Am\u00e9rica-Nieto del Valle[1],Victor Fernando-Nieto del Valle[2] Summary The vulnerability in children and teenagers is a relevant topic in the [&hellip;]<\/p>\n","protected":false},"author":1,"featured_media":0,"comment_status":"closed","ping_status":"closed","sticky":false,"template":"","format":"standard","meta":{"_uag_custom_page_level_css":"","site-sidebar-layout":"default","site-content-layout":"","ast-site-content-layout":"default","site-content-style":"default","site-sidebar-style":"default","ast-global-header-display":"","ast-banner-title-visibility":"","ast-main-header-display":"","ast-hfb-above-header-display":"","ast-hfb-below-header-display":"","ast-hfb-mobile-header-display":"","site-post-title":"","ast-breadcrumbs-content":"","ast-featured-img":"","footer-sml-layout":"","ast-disable-related-posts":"","theme-transparent-header-meta":"","adv-header-id-meta":"","stick-header-meta":"","header-above-stick-meta":"","header-main-stick-meta":"","header-below-stick-meta":"","astra-migrate-meta-layouts":"default","ast-page-background-enabled":"default","ast-page-background-meta":{"desktop":{"background-color":"var(--ast-global-color-5)","background-image":"","background-repeat":"repeat","background-position":"center center","background-size":"auto","background-attachment":"scroll","background-type":"","background-media":"","overlay-type":"","overlay-color":"","overlay-opacity":"","overlay-gradient":""},"tablet":{"background-color":"","background-image":"","background-repeat":"repeat","background-position":"center center","background-size":"auto","background-attachment":"scroll","background-type":"","background-media":"","overlay-type":"","overlay-color":"","overlay-opacity":"","overlay-gradient":""},"mobile":{"background-color":"","background-image":"","background-repeat":"repeat","background-position":"center center","background-size":"auto","background-attachment":"scroll","background-type":"","background-media":"","overlay-type":"","overlay-color":"","overlay-opacity":"","overlay-gradient":""}},"ast-content-background-meta":{"desktop":{"background-color":"var(--ast-global-color-4)","background-image":"","background-repeat":"repeat","background-position":"center center","background-size":"auto","background-attachment":"scroll","background-type":"","background-media":"","overlay-type":"","overlay-color":"","overlay-opacity":"","overlay-gradient":""},"tablet":{"background-color":"var(--ast-global-color-4)","background-image":"","background-repeat":"repeat","background-position":"center center","background-size":"auto","background-attachment":"scroll","background-type":"","background-media":"","overlay-type":"","overlay-color":"","overlay-opacity":"","overlay-gradient":""},"mobile":{"background-color":"var(--ast-global-color-4)","background-image":"","background-repeat":"repeat","background-position":"center center","background-size":"auto","background-attachment":"scroll","background-type":"","background-media":"","overlay-type":"","overlay-color":"","overlay-opacity":"","overlay-gradient":""}},"footnotes":""},"categories":[70],"tags":[64,71],"class_list":["post-316","post","type-post","status-publish","format-standard","hentry","category-abril-diciembre-2024","tag-educacion","tag-vulnerabilidad"],"spectra_custom_meta":{"_edit_lock":["1758642455:1"],"_edit_last":["1"],"_uagb_previous_block_counts":["a:90:{s:21:\"uagb\/advanced-heading\";i:0;s:15:\"uagb\/blockquote\";i:0;s:12:\"uagb\/buttons\";i:1;s:18:\"uagb\/buttons-child\";i:3;s:19:\"uagb\/call-to-action\";i:0;s:15:\"uagb\/cf7-styler\";i:0;s:11:\"uagb\/column\";i:0;s:12:\"uagb\/columns\";i:0;s:14:\"uagb\/container\";i:0;s:21:\"uagb\/content-timeline\";i:0;s:27:\"uagb\/content-timeline-child\";i:0;s:14:\"uagb\/countdown\";i:0;s:12:\"uagb\/counter\";i:0;s:8:\"uagb\/faq\";i:0;s:14:\"uagb\/faq-child\";i:0;s:10:\"uagb\/forms\";i:0;s:17:\"uagb\/forms-accept\";i:0;s:19:\"uagb\/forms-checkbox\";i:0;s:15:\"uagb\/forms-date\";i:0;s:16:\"uagb\/forms-email\";i:0;s:17:\"uagb\/forms-hidden\";i:0;s:15:\"uagb\/forms-name\";i:0;s:16:\"uagb\/forms-phone\";i:0;s:16:\"uagb\/forms-radio\";i:0;s:17:\"uagb\/forms-select\";i:0;s:19:\"uagb\/forms-textarea\";i:0;s:17:\"uagb\/forms-toggle\";i:0;s:14:\"uagb\/forms-url\";i:0;s:14:\"uagb\/gf-styler\";i:0;s:15:\"uagb\/google-map\";i:0;s:11:\"uagb\/how-to\";i:0;s:16:\"uagb\/how-to-step\";i:0;s:9:\"uagb\/icon\";i:0;s:14:\"uagb\/icon-list\";i:0;s:20:\"uagb\/icon-list-child\";i:0;s:10:\"uagb\/image\";i:0;s:18:\"uagb\/image-gallery\";i:0;s:13:\"uagb\/info-box\";i:0;s:18:\"uagb\/inline-notice\";i:0;s:11:\"uagb\/lottie\";i:0;s:21:\"uagb\/marketing-button\";i:0;s:10:\"uagb\/modal\";i:0;s:18:\"uagb\/popup-builder\";i:0;s:16:\"uagb\/post-button\";i:0;s:18:\"uagb\/post-carousel\";i:0;s:17:\"uagb\/post-excerpt\";i:0;s:14:\"uagb\/post-grid\";i:0;s:15:\"uagb\/post-image\";i:0;s:17:\"uagb\/post-masonry\";i:0;s:14:\"uagb\/post-meta\";i:0;s:18:\"uagb\/post-taxonomy\";i:0;s:18:\"uagb\/post-timeline\";i:0;s:15:\"uagb\/post-title\";i:0;s:20:\"uagb\/restaurant-menu\";i:0;s:26:\"uagb\/restaurant-menu-child\";i:0;s:11:\"uagb\/review\";i:0;s:12:\"uagb\/section\";i:0;s:14:\"uagb\/separator\";i:0;s:11:\"uagb\/slider\";i:0;s:17:\"uagb\/slider-child\";i:0;s:17:\"uagb\/social-share\";i:0;s:23:\"uagb\/social-share-child\";i:0;s:16:\"uagb\/star-rating\";i:0;s:23:\"uagb\/sure-cart-checkout\";i:0;s:22:\"uagb\/sure-cart-product\";i:0;s:15:\"uagb\/sure-forms\";i:0;s:22:\"uagb\/table-of-contents\";i:0;s:9:\"uagb\/tabs\";i:0;s:15:\"uagb\/tabs-child\";i:0;s:18:\"uagb\/taxonomy-list\";i:0;s:9:\"uagb\/team\";i:0;s:16:\"uagb\/testimonial\";i:0;s:14:\"uagb\/wp-search\";i:0;s:19:\"uagb\/instagram-feed\";i:0;s:10:\"uagb\/login\";i:0;s:17:\"uagb\/loop-builder\";i:0;s:18:\"uagb\/loop-category\";i:0;s:20:\"uagb\/loop-pagination\";i:0;s:15:\"uagb\/loop-reset\";i:0;s:16:\"uagb\/loop-search\";i:0;s:14:\"uagb\/loop-sort\";i:0;s:17:\"uagb\/loop-wrapper\";i:0;s:13:\"uagb\/register\";i:0;s:19:\"uagb\/register-email\";i:0;s:24:\"uagb\/register-first-name\";i:0;s:23:\"uagb\/register-last-name\";i:0;s:22:\"uagb\/register-password\";i:0;s:30:\"uagb\/register-reenter-password\";i:0;s:19:\"uagb\/register-terms\";i:0;s:22:\"uagb\/register-username\";i:0;}"],"_uag_css_file_name":["uag-css-316.css"],"_uag_js_file_name":["uag-js-316.js"],"_uagb_last_spectra_edit":["1776758939"],"_uag_page_assets":["a:9:{s:3:\"css\";s:11235:\".uagb-buttons__outer-wrap .uagb-buttons__wrap{display:inline-flex;width:100%}.uagb-buttons__outer-wrap.uagb-btn__small-btn .uagb-buttons-repeater.wp-block-button__link:not(.is-style-outline),.uagb-buttons__outer-wrap.uagb-btn__small-btn .uagb-buttons-repeater.ast-outline-button{padding:5px 10px}.uagb-buttons__outer-wrap.uagb-btn__medium-btn .uagb-buttons-repeater.wp-block-button__link:not(.is-style-outline),.uagb-buttons__outer-wrap.uagb-btn__medium-btn .uagb-buttons-repeater.ast-outline-button{padding:12px 24px}.uagb-buttons__outer-wrap.uagb-btn__large-btn .uagb-buttons-repeater.wp-block-button__link:not(.is-style-outline),.uagb-buttons__outer-wrap.uagb-btn__large-btn .uagb-buttons-repeater.ast-outline-button{padding:20px 30px}.uagb-buttons__outer-wrap.uagb-btn__extralarge-btn .uagb-buttons-repeater.wp-block-button__link:not(.is-style-outline),.uagb-buttons__outer-wrap.uagb-btn__extralarge-btn .uagb-buttons-repeater.ast-outline-button{padding:30px 65px}@media(max-width: 976px){.uagb-buttons__outer-wrap.uagb-btn-tablet__small-btn .uagb-buttons-repeater.wp-block-button__link:not(.is-style-outline),.uagb-buttons__outer-wrap.uagb-btn-tablet__small-btn .uagb-buttons-repeater.ast-outline-button{padding:5px 10px}.uagb-buttons__outer-wrap.uagb-btn-tablet__medium-btn .uagb-buttons-repeater.wp-block-button__link:not(.is-style-outline),.uagb-buttons__outer-wrap.uagb-btn-tablet__medium-btn .uagb-buttons-repeater.ast-outline-button{padding:12px 24px}.uagb-buttons__outer-wrap.uagb-btn-tablet__large-btn .uagb-buttons-repeater.wp-block-button__link:not(.is-style-outline),.uagb-buttons__outer-wrap.uagb-btn-tablet__large-btn .uagb-buttons-repeater.ast-outline-button{padding:20px 30px}.uagb-buttons__outer-wrap.uagb-btn-tablet__extralarge-btn .uagb-buttons-repeater.wp-block-button__link:not(.is-style-outline),.uagb-buttons__outer-wrap.uagb-btn-tablet__extralarge-btn .uagb-buttons-repeater.ast-outline-button{padding:30px 65px}}@media(max-width: 767px){.uagb-buttons__outer-wrap.uagb-btn-mobile__small-btn .uagb-buttons-repeater.wp-block-button__link:not(.is-style-outline),.uagb-buttons__outer-wrap.uagb-btn-mobile__small-btn .uagb-buttons-repeater.ast-outline-button{padding:5px 10px}.uagb-buttons__outer-wrap.uagb-btn-mobile__medium-btn .uagb-buttons-repeater.wp-block-button__link:not(.is-style-outline),.uagb-buttons__outer-wrap.uagb-btn-mobile__medium-btn .uagb-buttons-repeater.ast-outline-button{padding:12px 24px}.uagb-buttons__outer-wrap.uagb-btn-mobile__large-btn .uagb-buttons-repeater.wp-block-button__link:not(.is-style-outline),.uagb-buttons__outer-wrap.uagb-btn-mobile__large-btn .uagb-buttons-repeater.ast-outline-button{padding:20px 30px}.uagb-buttons__outer-wrap.uagb-btn-mobile__extralarge-btn .uagb-buttons-repeater.wp-block-button__link:not(.is-style-outline),.uagb-buttons__outer-wrap.uagb-btn-mobile__extralarge-btn .uagb-buttons-repeater.ast-outline-button{padding:30px 65px}}.uagb-buttons__outer-wrap .uagb-buttons-repeater{display:flex;justify-content:center;align-items:center;transition:box-shadow .2s ease}.uagb-buttons__outer-wrap .uagb-buttons-repeater a.uagb-button__link{display:flex;justify-content:center}.uagb-buttons__outer-wrap .uagb-buttons-repeater .uagb-button__icon{font-size:inherit;display:flex;align-items:center}.uagb-buttons__outer-wrap .uagb-buttons-repeater .uagb-button__icon svg{fill:currentColor;width:inherit;height:inherit}.uagb-block-5a81cf7c.wp-block-uagb-buttons.uagb-buttons__outer-wrap .uagb-buttons__wrap {gap: 10px;}.uagb-block-5a81cf7c.uagb-buttons__outer-wrap .uagb-buttons__wrap {justify-content: left;align-items: center;}.wp-block-uagb-buttons .uagb-block-d86b5906 .uagb-button__wrapper  .uagb-buttons-repeater.wp-block-button__link{box-shadow: 0px 0px 0 #00000026;}.wp-block-uagb-buttons .uagb-block-d86b5906 .uagb-button__wrapper  .uagb-buttons-repeater.wp-block-button__link:hover{box-shadow: 0px 0px 0 #00000026;}.wp-block-uagb-buttons .uagb-block-d86b5906 .uagb-buttons-repeater.wp-block-button__link{border-top-width: 1px;border-left-width: 1px;border-right-width: 1px;border-bottom-width: 1px;border-color: #333;border-style: solid;}.wp-block-uagb-buttons .uagb-block-d86b5906 .uagb-buttons-repeater.wp-block-button__link:hover{border-color: #333;}.wp-block-uagb-buttons .uagb-block-d86b5906 .uagb-buttons-repeater.wp-block-button__link:focus{border-color: #333;}.wp-block-uagb-buttons .uagb-block-d86b5906.wp-block-button.is-style-outline .uagb-button__wrapper .wp-block-button__link.uagb-buttons-repeater{border-top-width: 1px;border-left-width: 1px;border-right-width: 1px;border-bottom-width: 1px;border-color: #333;border-style: solid;}.wp-block-uagb-buttons .uagb-block-d86b5906.wp-block-button.is-style-outline .uagb-button__wrapper .wp-block-button__link.uagb-buttons-repeater:hover{border-color: #333;}.wp-block-uagb-buttons .uagb-block-d86b5906 .uagb-buttons-repeater .uagb-button__icon > svg{width: 15px;height: 15px;}.wp-block-uagb-buttons .uagb-block-d86b5906 .uagb-buttons-repeater .uagb-button__icon-position-after{margin-left: 8px;}.wp-block-uagb-buttons .uagb-block-d86b5906 .uagb-buttons-repeater .uagb-button__icon-position-before{margin-right: 8px;}.wp-block-uagb-buttons .uagb-block-d86b5906 .uagb-button__link{text-transform: normal;text-decoration: none;}.wp-block-uagb-buttons .uagb-block-721bcf11 .uagb-button__wrapper  .uagb-buttons-repeater.wp-block-button__link{box-shadow: 0px 0px 0 #00000026;}.wp-block-uagb-buttons .uagb-block-721bcf11 .uagb-button__wrapper  .uagb-buttons-repeater.wp-block-button__link:hover{box-shadow: 0px 0px 0 #00000026;}.wp-block-uagb-buttons .uagb-block-721bcf11 .uagb-buttons-repeater.wp-block-button__link{border-top-width: 1px;border-left-width: 1px;border-right-width: 1px;border-bottom-width: 1px;border-color: #333;border-style: solid;}.wp-block-uagb-buttons .uagb-block-721bcf11 .uagb-buttons-repeater.wp-block-button__link:hover{border-color: #333;}.wp-block-uagb-buttons .uagb-block-721bcf11 .uagb-buttons-repeater.wp-block-button__link:focus{border-color: #333;}.wp-block-uagb-buttons .uagb-block-721bcf11.wp-block-button.is-style-outline .uagb-button__wrapper .wp-block-button__link.uagb-buttons-repeater{border-top-width: 1px;border-left-width: 1px;border-right-width: 1px;border-bottom-width: 1px;border-color: #333;border-style: solid;}.wp-block-uagb-buttons .uagb-block-721bcf11.wp-block-button.is-style-outline .uagb-button__wrapper .wp-block-button__link.uagb-buttons-repeater:hover{border-color: #333;}.wp-block-uagb-buttons .uagb-block-721bcf11 .uagb-buttons-repeater .uagb-button__icon > svg{width: 15px;height: 15px;}.wp-block-uagb-buttons .uagb-block-721bcf11 .uagb-buttons-repeater .uagb-button__icon-position-after{margin-left: 8px;}.wp-block-uagb-buttons .uagb-block-721bcf11 .uagb-buttons-repeater .uagb-button__icon-position-before{margin-right: 8px;}.wp-block-uagb-buttons .uagb-block-721bcf11 .uagb-button__link{text-transform: normal;text-decoration: none;}.wp-block-uagb-buttons .uagb-block-072300f8 .uagb-button__wrapper  .uagb-buttons-repeater.wp-block-button__link{box-shadow: 0px 0px 0 #00000026;}.wp-block-uagb-buttons .uagb-block-072300f8 .uagb-button__wrapper  .uagb-buttons-repeater.wp-block-button__link:hover{box-shadow: 0px 0px 0 #00000026;}.wp-block-uagb-buttons .uagb-block-072300f8 .uagb-buttons-repeater.wp-block-button__link{border-top-width: 1px;border-left-width: 1px;border-right-width: 1px;border-bottom-width: 1px;border-color: #333;border-style: solid;}.wp-block-uagb-buttons .uagb-block-072300f8 .uagb-buttons-repeater.wp-block-button__link:hover{border-color: #333;}.wp-block-uagb-buttons .uagb-block-072300f8 .uagb-buttons-repeater.wp-block-button__link:focus{border-color: #333;}.wp-block-uagb-buttons .uagb-block-072300f8.wp-block-button.is-style-outline .uagb-button__wrapper .wp-block-button__link.uagb-buttons-repeater{border-top-width: 1px;border-left-width: 1px;border-right-width: 1px;border-bottom-width: 1px;border-color: #333;border-style: solid;}.wp-block-uagb-buttons .uagb-block-072300f8.wp-block-button.is-style-outline .uagb-button__wrapper .wp-block-button__link.uagb-buttons-repeater:hover{border-color: #333;}.wp-block-uagb-buttons .uagb-block-072300f8 .uagb-buttons-repeater .uagb-button__icon > svg{width: 15px;height: 15px;}.wp-block-uagb-buttons .uagb-block-072300f8 .uagb-buttons-repeater .uagb-button__icon-position-after{margin-left: 8px;}.wp-block-uagb-buttons .uagb-block-072300f8 .uagb-buttons-repeater .uagb-button__icon-position-before{margin-right: 8px;}.wp-block-uagb-buttons .uagb-block-072300f8 .uagb-button__link{text-transform: normal;text-decoration: none;}@media only screen and (max-width: 976px) {.uagb-block-5a81cf7c.uagb-buttons__outer-wrap .uagb-buttons__wrap {justify-content: center;align-items: center;}.uagb-block-5a81cf7c.uagb-buttons__outer-wrap .uagb-buttons__wrap .wp-block-button{width: auto;}.wp-block-uagb-buttons .uagb-block-d86b5906.wp-block-button.is-style-outline .uagb-button__wrapper .wp-block-button__link.uagb-buttons-repeater{border-style: solid;border-color: #333;}.wp-block-uagb-buttons .uagb-block-d86b5906 .uagb-buttons-repeater.wp-block-button__link{border-style: solid;border-color: #333;}.wp-block-uagb-buttons .uagb-block-721bcf11.wp-block-button.is-style-outline .uagb-button__wrapper .wp-block-button__link.uagb-buttons-repeater{border-style: solid;border-color: #333;}.wp-block-uagb-buttons .uagb-block-721bcf11 .uagb-buttons-repeater.wp-block-button__link{border-style: solid;border-color: #333;}.wp-block-uagb-buttons .uagb-block-072300f8.wp-block-button.is-style-outline .uagb-button__wrapper .wp-block-button__link.uagb-buttons-repeater{border-style: solid;border-color: #333;}.wp-block-uagb-buttons .uagb-block-072300f8 .uagb-buttons-repeater.wp-block-button__link{border-style: solid;border-color: #333;}}@media only screen and (max-width: 767px) {.uagb-block-5a81cf7c.uagb-buttons__outer-wrap .uagb-buttons__wrap {justify-content: center;align-items: center;}.uagb-block-5a81cf7c.uagb-buttons__outer-wrap .uagb-buttons__wrap .wp-block-button{width: auto;}.wp-block-uagb-buttons .uagb-block-d86b5906.wp-block-button.is-style-outline .uagb-button__wrapper .wp-block-button__link.uagb-buttons-repeater{border-style: solid;border-color: #333;}.wp-block-uagb-buttons .uagb-block-d86b5906 .uagb-buttons-repeater.wp-block-button__link{border-style: solid;border-color: #333;}.wp-block-uagb-buttons .uagb-block-721bcf11.wp-block-button.is-style-outline .uagb-button__wrapper .wp-block-button__link.uagb-buttons-repeater{border-style: solid;border-color: #333;}.wp-block-uagb-buttons .uagb-block-721bcf11 .uagb-buttons-repeater.wp-block-button__link{border-style: solid;border-color: #333;}.wp-block-uagb-buttons .uagb-block-072300f8.wp-block-button.is-style-outline .uagb-button__wrapper .wp-block-button__link.uagb-buttons-repeater{border-style: solid;border-color: #333;}.wp-block-uagb-buttons .uagb-block-072300f8 .uagb-buttons-repeater.wp-block-button__link{border-style: solid;border-color: #333;}}.uag-blocks-common-selector{z-index:var(--z-index-desktop) !important}@media(max-width: 976px){.uag-blocks-common-selector{z-index:var(--z-index-tablet) !important}}@media(max-width: 767px){.uag-blocks-common-selector{z-index:var(--z-index-mobile) !important}}\";s:2:\"js\";s:359:\"document.addEventListener(\"DOMContentLoaded\", function(){ window.addEventListener( 'load', function() {\n\tUAGBButtonChild.init( '.uagb-block-d86b5906' );\n});\nwindow.addEventListener( 'load', function() {\n\tUAGBButtonChild.init( '.uagb-block-721bcf11' );\n});\nwindow.addEventListener( 'load', function() {\n\tUAGBButtonChild.init( '.uagb-block-072300f8' );\n});\n });\";s:18:\"current_block_list\";a:11:{i:0;s:12:\"uagb\/buttons\";i:1;s:18:\"uagb\/buttons-child\";i:2;s:14:\"core\/paragraph\";i:3;s:14:\"core\/separator\";i:4;s:12:\"core\/heading\";i:5;s:9:\"core\/list\";i:6;s:14:\"core\/list-item\";i:7;s:11:\"core\/search\";i:8;s:10:\"core\/group\";i:9;s:17:\"core\/latest-posts\";i:10;s:15:\"core\/categories\";}s:8:\"uag_flag\";b:1;s:11:\"uag_version\";s:10:\"1777500387\";s:6:\"gfonts\";a:1:{s:7:\"Default\";a:2:{s:10:\"fontfamily\";s:7:\"Default\";s:12:\"fontvariants\";a:0:{}}}s:10:\"gfonts_url\";s:0:\"\";s:12:\"gfonts_files\";a:0:{}s:14:\"uag_faq_layout\";b:0;}"]},"uagb_featured_image_src":{"full":false,"thumbnail":false,"medium":false,"medium_large":false,"large":false,"1536x1536":false,"2048x2048":false},"uagb_author_info":{"display_name":"admin","author_link":"https:\/\/revistaece.dataware.cloud\/?author=1"},"uagb_comment_info":0,"uagb_excerpt":"Celia Am\u00e9rica-Nieto del Valle[1],Victor Fernando-Nieto del Valle[2] Summary The vulnerability in children and teenagers is a relevant topic in the [&hellip;]","_links":{"self":[{"href":"https:\/\/revistaece.dataware.cloud\/index.php?rest_route=\/wp\/v2\/posts\/316","targetHints":{"allow":["GET"]}}],"collection":[{"href":"https:\/\/revistaece.dataware.cloud\/index.php?rest_route=\/wp\/v2\/posts"}],"about":[{"href":"https:\/\/revistaece.dataware.cloud\/index.php?rest_route=\/wp\/v2\/types\/post"}],"author":[{"embeddable":true,"href":"https:\/\/revistaece.dataware.cloud\/index.php?rest_route=\/wp\/v2\/users\/1"}],"replies":[{"embeddable":true,"href":"https:\/\/revistaece.dataware.cloud\/index.php?rest_route=%2Fwp%2Fv2%2Fcomments&post=316"}],"version-history":[{"count":7,"href":"https:\/\/revistaece.dataware.cloud\/index.php?rest_route=\/wp\/v2\/posts\/316\/revisions"}],"predecessor-version":[{"id":500,"href":"https:\/\/revistaece.dataware.cloud\/index.php?rest_route=\/wp\/v2\/posts\/316\/revisions\/500"}],"wp:attachment":[{"href":"https:\/\/revistaece.dataware.cloud\/index.php?rest_route=%2Fwp%2Fv2%2Fmedia&parent=316"}],"wp:term":[{"taxonomy":"category","embeddable":true,"href":"https:\/\/revistaece.dataware.cloud\/index.php?rest_route=%2Fwp%2Fv2%2Fcategories&post=316"},{"taxonomy":"post_tag","embeddable":true,"href":"https:\/\/revistaece.dataware.cloud\/index.php?rest_route=%2Fwp%2Fv2%2Ftags&post=316"}],"curies":[{"name":"wp","href":"https:\/\/api.w.org\/{rel}","templated":true}]}}