{"id":184,"date":"2025-07-01T07:03:00","date_gmt":"2025-07-01T13:03:00","guid":{"rendered":"https:\/\/revistaece.dataware.cloud\/?p=184"},"modified":"2025-07-03T18:27:30","modified_gmt":"2025-07-04T00:27:30","slug":"la-velada-importancia-de-la-educacion-en-el-trauma","status":"publish","type":"post","link":"https:\/\/revistaece.dataware.cloud\/?p=184","title":{"rendered":"La velada importancia de la educaci\u00f3n en el Trauma"},"content":{"rendered":"\n<div class=\"wp-block-uagb-buttons uagb-buttons__outer-wrap uagb-btn__default-btn uagb-btn-tablet__default-btn uagb-btn-mobile__default-btn uagb-block-af0c3fe9\"><div class=\"uagb-buttons__wrap uagb-buttons-layout-wrap \">\n<div class=\"wp-block-uagb-buttons-child uagb-buttons__outer-wrap uagb-block-c1711223 wp-block-button\"><div class=\"uagb-button__wrapper\"><a class=\"uagb-buttons-repeater wp-block-button__link\" aria-label=\"\" href=\"#\" rel=\"follow noopener\" target=\"_self\" role=\"button\"><div class=\"uagb-button__link\">ISSN; <strong>3061-7936<\/strong><\/div><\/a><\/div><\/div>\n\n\n\n<div class=\"wp-block-uagb-buttons-child uagb-buttons__outer-wrap uagb-block-3d890e1c wp-block-button\"><div class=\"uagb-button__wrapper\"><a class=\"uagb-buttons-repeater wp-block-button__link\" aria-label=\"\" href=\"#\" rel=\"follow noopener\" target=\"_self\" role=\"button\"><div class=\"uagb-button__link\">DOI: 0<\/div><\/a><\/div><\/div>\n<\/div><\/div>\n\n\n\n<p class=\"has-text-align-center\"><strong>Boris Gonz\u00e1lez Ceja<\/strong><sup data-fn=\"bf676616-4c33-460a-9393-56c59bd0fbe1\" class=\"fn\"><a href=\"#bf676616-4c33-460a-9393-56c59bd0fbe1\" id=\"bf676616-4c33-460a-9393-56c59bd0fbe1-link\">1<\/a><\/sup><\/p>\n\n\n\n<h2 class=\"wp-block-heading\">Introducci\u00f3n<\/h2>\n\n\n\n<p>El trauma es un acto cognitivo que a lo largo de la historia del campo educativo se presenta como un problema relacionado con el aprendizaje y la ense\u00f1anza, observ\u00e1ndose que los docentes no siempre se encuentran capacitados para detectar y canalizar a los discentes que cursan con un proceso traum\u00e1tico.<\/p>\n\n\n\n<p>As\u00ed, los traumas han venido estudi\u00e1ndose de maneras heterog\u00e9neas, con procesos que van desde lo descriptivo y fundacional del concepto de trauma en el psicoan\u00e1lisis freudiano, hasta llegar a las recientes investigaciones sobre las experiencias adversas en la infancia de la medicina estadounidense (Almaraz, 2024).<\/p>\n\n\n\n<p>El trauma o las llamadas experiencias adversas en la infancia (ACE, por sus siglas en ingl\u00e9s) tienen saldos indeseables en diversos grados de afectaci\u00f3n, donde pueden observarse problemas conductuales en la escuela, problemas de salud a nivel personal, y problemas emocionales a nivel individual (American Academy of Pediatrics, 2021).<\/p>\n\n\n\n<p>Entender la complejidad del trauma requiere la intervenci\u00f3n de las ciencias de la educaci\u00f3n en su esfera cognitiva, buscando aplicar lo mejor de la moderna ciencia sobre los procesos del conocimiento, para buscar aplicarlos en la resoluci\u00f3n de problemas sociales, como las que se presentan por las ACE, con una amplia reflexi\u00f3n sobre el conocimiento y el pensamiento actuales (Canguilhem, 1997).<\/p>\n\n\n\n<p>La educaci\u00f3n deviene como un factor inconsciente y velado en temas de detecci\u00f3n, tratamiento y seguimiento de problemas relacionados con el trauma en espacios educativos, lo que lo convierte en un concepto complejo para delimitarlo en la pr\u00e1ctica cl\u00ednica y social.<\/p>\n\n\n\n<p>En esta investigaci\u00f3n se realiza una ampliaci\u00f3n de los estudios sobre el concepto psicoanal\u00edtico de inconsciente, en sus relaciones con las modernas proposiciones de las ACE, propuesto por Burke (2021), realizando una evaluaci\u00f3n con y de los cuestionarios r\u00e1pidos de evaluaci\u00f3n que tienen una ampl\u00eda aceptaci\u00f3n en distintos \u00e1mbitos educativos y cl\u00ednicos, con una discusi\u00f3n en los recientes estudios que consideran el tema espec\u00edfico de su devenir en enfermedad cr\u00f3nica.<\/p>\n\n\n\n<p>Como metodolog\u00eda se realiza una aplicaci\u00f3n anal\u00edtica de la teor\u00eda fundamentada en el tema del trauma y la educaci\u00f3n contempor\u00e1neos, considerando el c\u00famulo de informaci\u00f3n pr\u00e1ctica que existe sobre el tema principal, y que al ser complejo amerita una reflexi\u00f3n (Alarc\u00f3n, 2017). Tambi\u00e9n, se incluye una aplicaci\u00f3n pr\u00e1ctica del problema estudiado del trauma en el caso de las enfermedades cr\u00f3nicas, sus tratamientos educativos y las pol\u00edticas p\u00fablicas que los generan.<\/p>\n\n\n\n<figure class=\"wp-block-image aligncenter size-full\"><img loading=\"lazy\" decoding=\"async\" width=\"323\" height=\"323\" src=\"https:\/\/revistaece.dataware.cloud\/wp-content\/uploads\/2025\/05\/image-4.png\" alt=\"\" class=\"wp-image-185\" srcset=\"https:\/\/revistaece.dataware.cloud\/wp-content\/uploads\/2025\/05\/image-4.png 323w, https:\/\/revistaece.dataware.cloud\/wp-content\/uploads\/2025\/05\/image-4-300x300.png 300w, https:\/\/revistaece.dataware.cloud\/wp-content\/uploads\/2025\/05\/image-4-150x150.png 150w\" sizes=\"auto, (max-width: 323px) 100vw, 323px\" \/><figcaption class=\"wp-element-caption\"><em>Fuente: Elaboraci\u00f3n propia implementando Canva IA.<\/em><\/figcaption><\/figure>\n\n\n\n<h2 class=\"wp-block-heading\">El trauma como proceso cognitivo<\/h2>\n\n\n\n<p>Es indudable que el trauma afecta a la cognici\u00f3n, pero las investigaciones sobre el trauma no han considerado c\u00f3mo los procesos cognitivos afectan los hechos traumaticos, los generan, les dan fuerza o los suprimen.<\/p>\n\n\n\n<p>El trauma altera las funciones ejecutivas, afectando la capacidad para planificar, desorganizando los pensamientos y los actos, imposibilitando o generando la toma de decisiones desorganizada, adem\u00e1s de que los impulsos se vuelven descontrolados.<\/p>\n\n\n\n<p>La memoria se afecta en la recuperaci\u00f3n de recuerdos y dificultando en la formaci\u00f3n de nuevos y gratificantes recuerdos. En ese mismo sentido, la concrentraci\u00f3n y la atenci\u00f3n se ven afectadas, sin poder bloquear distractores o generando distractores ficticios.<\/p>\n\n\n\n<p>La percepci\u00f3n resulta alterada, con distorciones de la realidad, pensando peligros donde no hay. En ese mismo sentido, la regulaci\u00f3n emocional se ve afectada con reacciones emocionales exageradas o con entumecimiento emocional.&nbsp;<\/p>\n\n\n\n<p>La presente investigaci\u00f3n nos ense\u00f1a tambi\u00e9n que los procesos cognitivos tambi\u00e9n brindan sost\u00e9n al trauma, generando un sentido de pertenencia o de aborrecimiento de un acto relacionado con el hecho violento, generando que perdure el acto como un proceso cognitivo en serie.<\/p>\n\n\n\n<h2 class=\"wp-block-heading\">Educaci\u00f3n y Experiencias Adversas<\/h2>\n\n\n\n<p>La educaci\u00f3n es un proceso que busca generar condiciones de superaci\u00f3n y mejora en la vida de las personas, pero muchas veces es un espacio donde se generan experiencias adversas, no se reconocen las experiencias adversas en la infancia y se dejan pasar a las personas sin atenci\u00f3n de sus traumas, replicando y camuflajendo los problemas, sin atenci\u00f3n profesional.<\/p>\n\n\n\n<p>Son varias las iniciativas que se tienen para buscar mejorar los procesos de salud mental en las escuelas, sin tener un resultado real en la vida de los alumnos y sus docentes. Lo que es peor, en paises latinos como M\u00e9xico, la corrupci\u00f3n afecta de manera directa al sistema educativo y a la impostergable necesidad de brindar atenci\u00f3n psicol\u00f3gica profesional en espacios aulicos. La epistemolog\u00eda aplicada para entender el trauma, se basa en la teor\u00eda fundamentada, que se refiere al an\u00e1lisis de datos generados por un conjunto selecto de textos cient\u00edficos que versan sobre el mismo tema, en este caso sobre el trauma y educaci\u00f3n, observando sus sesgos y creaciones in\u00e9ditas.<\/p>\n\n\n\n<figure class=\"wp-block-image aligncenter size-full\"><img loading=\"lazy\" decoding=\"async\" width=\"315\" height=\"315\" src=\"https:\/\/revistaece.dataware.cloud\/wp-content\/uploads\/2025\/05\/image-5.png\" alt=\"\" class=\"wp-image-186\" srcset=\"https:\/\/revistaece.dataware.cloud\/wp-content\/uploads\/2025\/05\/image-5.png 315w, https:\/\/revistaece.dataware.cloud\/wp-content\/uploads\/2025\/05\/image-5-300x300.png 300w, https:\/\/revistaece.dataware.cloud\/wp-content\/uploads\/2025\/05\/image-5-150x150.png 150w\" sizes=\"auto, (max-width: 315px) 100vw, 315px\" \/><figcaption class=\"wp-element-caption\"><em>Fuente: Elaboraci\u00f3n propia implementando Canva IA.<\/em><\/figcaption><\/figure>\n\n\n\n<h2 class=\"wp-block-heading\">Instrumentos para hablar de trauma<\/h2>\n\n\n\n<p>Abordar temas como el trauma en el campo educativo suele ser dificil y generar cierto escozor o desaz\u00f3n que generan m\u00e1s problemas que soluciones, por lo que se cuenta con diversos instrumentos para su acceso en espacios a\u00falicos, con aspectos positivos y negativos.<\/p>\n\n\n\n<p>De manera positiva, los cuestionarios o tamizajes permiten tener un primer acercamiento al problema de manera cuidada y premeditada, suelen ser de f\u00e1cil aplicaci\u00f3n y permiten un ahorro econ\u00f3mico para las personas y las instituciones.<\/p>\n\n\n\n<p>Los aspectos negativos son diversos, desde que pueden generar informaci\u00f3n err\u00f3nea con personas que no tengan preparaci\u00f3n para darle seguimiento a su aplicaci\u00f3n, ya que no s\u00f3lo es detectar sino atender los problemas adyacentes al trauma en la escuela, hasta generar crisis por malinterpretaci\u00f3n.<\/p>\n\n\n\n<figure class=\"wp-block-image aligncenter size-full\"><img loading=\"lazy\" decoding=\"async\" width=\"423\" height=\"239\" src=\"https:\/\/revistaece.dataware.cloud\/wp-content\/uploads\/2025\/05\/image-6.png\" alt=\"\" class=\"wp-image-187\" srcset=\"https:\/\/revistaece.dataware.cloud\/wp-content\/uploads\/2025\/05\/image-6.png 423w, https:\/\/revistaece.dataware.cloud\/wp-content\/uploads\/2025\/05\/image-6-300x170.png 300w\" sizes=\"auto, (max-width: 423px) 100vw, 423px\" \/><figcaption class=\"wp-element-caption\"><em>Fuente: Elaboraci\u00f3n propia implementando Canva IA.<\/em><\/figcaption><\/figure>\n\n\n\n<p>Es llamativo que la educaci\u00f3n en el trauma sea una constante en toda la historia de las civilizaciones, pero se le ha dado poca importancia, una importancia velada que genera estragos.<\/p>\n\n\n\n<p>Como pol\u00edtica p\u00fablica, los procesos educativos para la atenci\u00f3n del trauma se encuentran abandonados, dejando en indefensi\u00f3n a miles de personas, tanto estudiantes como profesores y personal administrativo que ha vivido procesos traum\u00e1ticos y no han tenido la atenci\u00f3n adecuada.<\/p>\n\n\n\n<p>La educaci\u00f3n requiere entenderse en su amplio campo de experiencias cognitivas, que puede ir desde aspectos escolarizados hasta procesos donde la educaci\u00f3n para la salud con poblaci\u00f3n abierta genera saldos indeseables, como la multiplicaci\u00f3n de problemas de salud por pobres procesos educativos.<\/p>\n\n\n\n<h2 class=\"wp-block-heading\">Conclusiones<\/h2>\n\n\n\n<p>La educaci\u00f3n en el trauma tiene una importancia capital, ya que no es posible entender su devenir sin considerar sus aspectos cognitivos, como espacio de afectaci\u00f3n final y como generador de procesos para su sostenimiento, permitiendo su conocimiento.<\/p>\n\n\n\n<p>Los procesos educativos requieren consolidarse, ya que actualmente no existen pol\u00edticas p\u00fablicas que permitan avanzar a nuestra incipiente democr\u00e1cia. Uno de los indicadores del fracazo de las autoridades educativas es justamente en la falta de psic\u00f3logos para atender a las personas en espacios educativos, o al menos para detectar a las personas que tienen una experiencia adversa en la infancia que les genere conflicto en su trayecto educativo. La educaci\u00f3n para la salud tambi\u00e9n es un campo que requiere estudiarse con mayor detenimiento para comprender sus alcances y limitaciones, donde se replican enfermedades que pueden y deben atenderse desde las ciencias cognitivas.<\/p>\n\n\n\n<h2 class=\"wp-block-heading\"><strong>Referencias bibliogr\u00e1ficas<\/strong><\/h2>\n\n\n\n<blockquote class=\"wp-block-quote is-layout-flow wp-block-quote-is-layout-flow\">\n<p>Alarc\u00f3n, A., Munera, L., &amp; Montes, A. (2017). La teor\u00eda fundamentada en el marco de la investigaci\u00f3n educativa. Saber, Ciencia Y Libertad, 12 (1), 236\u2013245. <a href=\"https:\/\/doi.org\/10.18041\/2382-3240\/saber.2017v12n1.1475\">https:\/\/doi.org\/10.18041\/2382-3240\/saber.2017v12n1.1475<\/a><\/p>\n<\/blockquote>\n\n\n\n<blockquote class=\"wp-block-quote is-layout-flow wp-block-quote-is-layout-flow\">\n<p>American Academy of Pediatrics (2021). Experiencias adversas en la infancia: manejo del estr\u00e9s y desarrollo de resiliencia. <a href=\"https:\/\/www.healthychildren.org\/Spanish\/healthy-living\/emotional-wellness\/Building-Resilience\/Paginas\/ACEs-Adverse-Childhood-Experiences.aspx\">https:\/\/www.healthychildren.org\/Spanish\/healthy-living\/emotional-wellness\/Building-Resilience\/Paginas\/ACEs-Adverse-Childhood-Experiences.aspx<\/a><\/p>\n<\/blockquote>\n\n\n\n<blockquote class=\"wp-block-quote is-layout-flow wp-block-quote-is-layout-flow\">\n<p>Burke, N. (2021). El pozo m\u00e1s profundo. Sanar los efectos a largo plazo de las experiencias infantiles adversas. Eleftheria.<\/p>\n<\/blockquote>\n\n\n\n<blockquote class=\"wp-block-quote is-layout-flow wp-block-quote-is-layout-flow\">\n<p>Canguilhem, G y Palau Casta\u00f1o, L. (1997).&nbsp;El cerebro y el pensamiento.&nbsp;Universidad Nacional de Colombia. <a href=\"https:\/\/repositorio.unal.edu.co\/bitstream\/handle\/unal\/29850\/15946-49175-1-PB.pdf?sequence=1&amp;isAllowed=y\">https:\/\/repositorio.unal.edu.co\/bitstream\/handle\/unal\/29850\/15946-49175-1-PB.pdf?sequence=1&amp;isAllowed=y<\/a> <\/p>\n<\/blockquote>\n\n\n\n<blockquote class=\"wp-block-quote is-layout-flow wp-block-quote-is-layout-flow\">\n<p>Almaraz Castruita, D. A., T\u00e9llez L\u00f3pez, A., Valdez Tamez, A., S\u00e1nchez-J\u00e1uregui, T., &amp; Ju\u00e1rez Garc\u00eda, D. M. (2024). Experiencias Adversas en la Infancia y su Asociaci\u00f3n con Malestar Psicol\u00f3gico y \u00d3ptimismo en adultos. Psicumex, 14(1), 1\u201321. <a href=\"https:\/\/doi.org\/10.36793\/psicumex.v14i1.684\">https:\/\/doi.org\/10.36793\/psicumex.v14i1.684<\/a><\/p>\n<\/blockquote>\n\n\n\n<h2 class=\"wp-block-heading\"><strong>Agradecimientos<\/strong><\/h2>\n\n\n\n<p>Se agradece a la Asociaci\u00f3n Mexicana de Psicolog\u00eda y Desarrollo Comunitario por sus facilidades en la preparaci\u00f3n de la investigaci\u00f3n.<\/p>\n\n\n\n<h2 class=\"wp-block-heading\">Datos de Autor<\/h2>\n\n\n\n<p><\/p>\n\n\n<ol class=\"wp-block-footnotes\"><li id=\"bf676616-4c33-460a-9393-56c59bd0fbe1\">Psic\u00f3logo experto en salud mental, ganador del premio de ciencia 2022, otorgado por el Gobernador de Michoac\u00e1n, Secretario General de la Asociaci\u00f3n Mexicana de Psicolog\u00eda y Desarrollo Comunitario.<br>Contacto: <a href=\"mailto:boris@psicologiaydesarrollocomunitario.com\">boris@psicologiaydesarrollocomunitario.com<\/a><br>Web: <a href=\"http:\/\/www.psicologiaydesarrollocomunitario.com\/\">www.psicologiaydesarrollocomunitario.com<\/a>\u00a0<br>ORCID <a href=\"https:\/\/orcid.org\/0000-0002-3361-2308\"><em>https:\/\/orcid.org\/0000-0002-3361-2308<\/em><\/a> <a href=\"#bf676616-4c33-460a-9393-56c59bd0fbe1-link\" aria-label=\"Saltar a la referencia de la nota al pie 1\">\u21a9\ufe0e<\/a><\/li><\/ol>\n\n\n<div data-wp-interactive=\"core\/file\" class=\"wp-block-file\"><object data-wp-bind--hidden=\"!state.hasPdfPreview\" hidden class=\"wp-block-file__embed\" data=\"https:\/\/revistaece.dataware.cloud\/wp-content\/uploads\/2025\/07\/A11-revista-pdf-La-velada.pdf\" type=\"application\/pdf\" style=\"width:100%;height:600px\" aria-label=\"Incrustado de A11-La velada.\"><\/object><a id=\"wp-block-file--media-95cca9b8-f529-4346-928d-fa1aeab05d80\" href=\"https:\/\/revistaece.dataware.cloud\/wp-content\/uploads\/2025\/07\/A11-revista-pdf-La-velada.pdf\">A11-La velada<\/a><a href=\"https:\/\/revistaece.dataware.cloud\/wp-content\/uploads\/2025\/07\/A11-revista-pdf-La-velada.pdf\" class=\"wp-block-file__button wp-element-button\" download aria-describedby=\"wp-block-file--media-95cca9b8-f529-4346-928d-fa1aeab05d80\">Descarga<\/a><\/div>\n","protected":false},"excerpt":{"rendered":"<p>Boris Gonz\u00e1lez Ceja Introducci\u00f3n El trauma es un acto cognitivo que a lo largo de la historia del campo educativo [&hellip;]<\/p>\n","protected":false},"author":1,"featured_media":0,"comment_status":"closed","ping_status":"closed","sticky":false,"template":"","format":"standard","meta":{"_uag_custom_page_level_css":"","site-sidebar-layout":"default","site-content-layout":"","ast-site-content-layout":"default","site-content-style":"default","site-sidebar-style":"default","ast-global-header-display":"","ast-banner-title-visibility":"","ast-main-header-display":"","ast-hfb-above-header-display":"","ast-hfb-below-header-display":"","ast-hfb-mobile-header-display":"","site-post-title":"","ast-breadcrumbs-content":"","ast-featured-img":"","footer-sml-layout":"","ast-disable-related-posts":"","theme-transparent-header-meta":"","adv-header-id-meta":"","stick-header-meta":"","header-above-stick-meta":"","header-main-stick-meta":"","header-below-stick-meta":"","astra-migrate-meta-layouts":"default","ast-page-background-enabled":"default","ast-page-background-meta":{"desktop":{"background-color":"var(--ast-global-color-5)","background-image":"","background-repeat":"repeat","background-position":"center center","background-size":"auto","background-attachment":"scroll","background-type":"","background-media":"","overlay-type":"","overlay-color":"","overlay-opacity":"","overlay-gradient":""},"tablet":{"background-color":"","background-image":"","background-repeat":"repeat","background-position":"center center","background-size":"auto","background-attachment":"scroll","background-type":"","background-media":"","overlay-type":"","overlay-color":"","overlay-opacity":"","overlay-gradient":""},"mobile":{"background-color":"","background-image":"","background-repeat":"repeat","background-position":"center center","background-size":"auto","background-attachment":"scroll","background-type":"","background-media":"","overlay-type":"","overlay-color":"","overlay-opacity":"","overlay-gradient":""}},"ast-content-background-meta":{"desktop":{"background-color":"var(--ast-global-color-4)","background-image":"","background-repeat":"repeat","background-position":"center center","background-size":"auto","background-attachment":"scroll","background-type":"","background-media":"","overlay-type":"","overlay-color":"","overlay-opacity":"","overlay-gradient":""},"tablet":{"background-color":"var(--ast-global-color-4)","background-image":"","background-repeat":"repeat","background-position":"center center","background-size":"auto","background-attachment":"scroll","background-type":"","background-media":"","overlay-type":"","overlay-color":"","overlay-opacity":"","overlay-gradient":""},"mobile":{"background-color":"var(--ast-global-color-4)","background-image":"","background-repeat":"repeat","background-position":"center center","background-size":"auto","background-attachment":"scroll","background-type":"","background-media":"","overlay-type":"","overlay-color":"","overlay-opacity":"","overlay-gradient":""}},"footnotes":"[{\"content\":\"Psic\u00f3logo experto en salud mental, ganador del premio de ciencia 2022, otorgado por el Gobernador de Michoac\u00e1n, Secretario General de la Asociaci\u00f3n Mexicana de Psicolog\u00eda y Desarrollo Comunitario.<br>Contacto: <a href=\\\"mailto:boris@psicologiaydesarrollocomunitario.com\\\">boris@psicologiaydesarrollocomunitario.com<\/a><br>Web: <a href=\\\"http:\/\/www.psicologiaydesarrollocomunitario.com\/\\\">www.psicologiaydesarrollocomunitario.com<\/a>\u00a0<br>ORCID <a href=\\\"https:\/\/orcid.org\/0000-0002-3361-2308\\\"><em>https:\/\/orcid.org\/0000-0002-3361-2308<\/em><\/a>\",\"id\":\"bf676616-4c33-460a-9393-56c59bd0fbe1\"}]"},"categories":[35],"tags":[64,65,63],"class_list":["post-184","post","type-post","status-publish","format-standard","hentry","category-julio-diciembre-2025","tag-educacion","tag-experiencias-adversas-en-la-infancia","tag-trauma"],"spectra_custom_meta":{"_edit_lock":["1751588852:1"],"_edit_last":["1"],"_wp_page_template":["default"],"footnotes":["[{\"content\":\"Psic\u00f3logo experto en salud mental, ganador del premio de ciencia 2022, otorgado por el Gobernador de Michoac\u00e1n, Secretario General de la Asociaci\u00f3n Mexicana de Psicolog\u00eda y Desarrollo Comunitario.<br>Contacto: <a href=\\\"mailto:boris@psicologiaydesarrollocomunitario.com\\\">boris@psicologiaydesarrollocomunitario.com<\/a><br>Web: <a href=\\\"http:\/\/www.psicologiaydesarrollocomunitario.com\/\\\">www.psicologiaydesarrollocomunitario.com<\/a>\u00a0<br>ORCID <a href=\\\"https:\/\/orcid.org\/0000-0002-3361-2308\\\"><em>https:\/\/orcid.org\/0000-0002-3361-2308<\/em><\/a>\",\"id\":\"bf676616-4c33-460a-9393-56c59bd0fbe1\"}]"],"_uagb_previous_block_counts":["a:90:{s:21:\"uagb\/advanced-heading\";i:0;s:15:\"uagb\/blockquote\";i:0;s:12:\"uagb\/buttons\";i:1;s:18:\"uagb\/buttons-child\";i:2;s:19:\"uagb\/call-to-action\";i:0;s:15:\"uagb\/cf7-styler\";i:0;s:11:\"uagb\/column\";i:0;s:12:\"uagb\/columns\";i:0;s:14:\"uagb\/container\";i:0;s:21:\"uagb\/content-timeline\";i:0;s:27:\"uagb\/content-timeline-child\";i:0;s:14:\"uagb\/countdown\";i:0;s:12:\"uagb\/counter\";i:0;s:8:\"uagb\/faq\";i:0;s:14:\"uagb\/faq-child\";i:0;s:10:\"uagb\/forms\";i:0;s:17:\"uagb\/forms-accept\";i:0;s:19:\"uagb\/forms-checkbox\";i:0;s:15:\"uagb\/forms-date\";i:0;s:16:\"uagb\/forms-email\";i:0;s:17:\"uagb\/forms-hidden\";i:0;s:15:\"uagb\/forms-name\";i:0;s:16:\"uagb\/forms-phone\";i:0;s:16:\"uagb\/forms-radio\";i:0;s:17:\"uagb\/forms-select\";i:0;s:19:\"uagb\/forms-textarea\";i:0;s:17:\"uagb\/forms-toggle\";i:0;s:14:\"uagb\/forms-url\";i:0;s:14:\"uagb\/gf-styler\";i:0;s:15:\"uagb\/google-map\";i:0;s:11:\"uagb\/how-to\";i:0;s:16:\"uagb\/how-to-step\";i:0;s:9:\"uagb\/icon\";i:0;s:14:\"uagb\/icon-list\";i:0;s:20:\"uagb\/icon-list-child\";i:0;s:10:\"uagb\/image\";i:0;s:18:\"uagb\/image-gallery\";i:0;s:13:\"uagb\/info-box\";i:0;s:18:\"uagb\/inline-notice\";i:0;s:11:\"uagb\/lottie\";i:0;s:21:\"uagb\/marketing-button\";i:0;s:10:\"uagb\/modal\";i:0;s:18:\"uagb\/popup-builder\";i:0;s:16:\"uagb\/post-button\";i:0;s:18:\"uagb\/post-carousel\";i:0;s:17:\"uagb\/post-excerpt\";i:0;s:14:\"uagb\/post-grid\";i:0;s:15:\"uagb\/post-image\";i:0;s:17:\"uagb\/post-masonry\";i:0;s:14:\"uagb\/post-meta\";i:0;s:18:\"uagb\/post-taxonomy\";i:0;s:18:\"uagb\/post-timeline\";i:0;s:15:\"uagb\/post-title\";i:0;s:20:\"uagb\/restaurant-menu\";i:0;s:26:\"uagb\/restaurant-menu-child\";i:0;s:11:\"uagb\/review\";i:0;s:12:\"uagb\/section\";i:0;s:14:\"uagb\/separator\";i:0;s:11:\"uagb\/slider\";i:0;s:17:\"uagb\/slider-child\";i:0;s:17:\"uagb\/social-share\";i:0;s:23:\"uagb\/social-share-child\";i:0;s:16:\"uagb\/star-rating\";i:0;s:23:\"uagb\/sure-cart-checkout\";i:0;s:22:\"uagb\/sure-cart-product\";i:0;s:15:\"uagb\/sure-forms\";i:0;s:22:\"uagb\/table-of-contents\";i:0;s:9:\"uagb\/tabs\";i:0;s:15:\"uagb\/tabs-child\";i:0;s:18:\"uagb\/taxonomy-list\";i:0;s:9:\"uagb\/team\";i:0;s:16:\"uagb\/testimonial\";i:0;s:14:\"uagb\/wp-search\";i:0;s:19:\"uagb\/instagram-feed\";i:0;s:10:\"uagb\/login\";i:0;s:17:\"uagb\/loop-builder\";i:0;s:18:\"uagb\/loop-category\";i:0;s:20:\"uagb\/loop-pagination\";i:0;s:15:\"uagb\/loop-reset\";i:0;s:16:\"uagb\/loop-search\";i:0;s:14:\"uagb\/loop-sort\";i:0;s:17:\"uagb\/loop-wrapper\";i:0;s:13:\"uagb\/register\";i:0;s:19:\"uagb\/register-email\";i:0;s:24:\"uagb\/register-first-name\";i:0;s:23:\"uagb\/register-last-name\";i:0;s:22:\"uagb\/register-password\";i:0;s:30:\"uagb\/register-reenter-password\";i:0;s:19:\"uagb\/register-terms\";i:0;s:22:\"uagb\/register-username\";i:0;}"],"_uag_css_file_name":["uag-css-184.css"],"_uag_js_file_name":["uag-js-184.js"],"_uagb_last_spectra_edit":["1776758939"],"_uag_page_assets":["a:9:{s:3:\"css\";s:8685:\".uagb-buttons__outer-wrap .uagb-buttons__wrap{display:inline-flex;width:100%}.uagb-buttons__outer-wrap.uagb-btn__small-btn .uagb-buttons-repeater.wp-block-button__link:not(.is-style-outline),.uagb-buttons__outer-wrap.uagb-btn__small-btn .uagb-buttons-repeater.ast-outline-button{padding:5px 10px}.uagb-buttons__outer-wrap.uagb-btn__medium-btn .uagb-buttons-repeater.wp-block-button__link:not(.is-style-outline),.uagb-buttons__outer-wrap.uagb-btn__medium-btn .uagb-buttons-repeater.ast-outline-button{padding:12px 24px}.uagb-buttons__outer-wrap.uagb-btn__large-btn .uagb-buttons-repeater.wp-block-button__link:not(.is-style-outline),.uagb-buttons__outer-wrap.uagb-btn__large-btn .uagb-buttons-repeater.ast-outline-button{padding:20px 30px}.uagb-buttons__outer-wrap.uagb-btn__extralarge-btn .uagb-buttons-repeater.wp-block-button__link:not(.is-style-outline),.uagb-buttons__outer-wrap.uagb-btn__extralarge-btn .uagb-buttons-repeater.ast-outline-button{padding:30px 65px}@media(max-width: 976px){.uagb-buttons__outer-wrap.uagb-btn-tablet__small-btn .uagb-buttons-repeater.wp-block-button__link:not(.is-style-outline),.uagb-buttons__outer-wrap.uagb-btn-tablet__small-btn .uagb-buttons-repeater.ast-outline-button{padding:5px 10px}.uagb-buttons__outer-wrap.uagb-btn-tablet__medium-btn .uagb-buttons-repeater.wp-block-button__link:not(.is-style-outline),.uagb-buttons__outer-wrap.uagb-btn-tablet__medium-btn .uagb-buttons-repeater.ast-outline-button{padding:12px 24px}.uagb-buttons__outer-wrap.uagb-btn-tablet__large-btn .uagb-buttons-repeater.wp-block-button__link:not(.is-style-outline),.uagb-buttons__outer-wrap.uagb-btn-tablet__large-btn .uagb-buttons-repeater.ast-outline-button{padding:20px 30px}.uagb-buttons__outer-wrap.uagb-btn-tablet__extralarge-btn .uagb-buttons-repeater.wp-block-button__link:not(.is-style-outline),.uagb-buttons__outer-wrap.uagb-btn-tablet__extralarge-btn .uagb-buttons-repeater.ast-outline-button{padding:30px 65px}}@media(max-width: 767px){.uagb-buttons__outer-wrap.uagb-btn-mobile__small-btn .uagb-buttons-repeater.wp-block-button__link:not(.is-style-outline),.uagb-buttons__outer-wrap.uagb-btn-mobile__small-btn .uagb-buttons-repeater.ast-outline-button{padding:5px 10px}.uagb-buttons__outer-wrap.uagb-btn-mobile__medium-btn .uagb-buttons-repeater.wp-block-button__link:not(.is-style-outline),.uagb-buttons__outer-wrap.uagb-btn-mobile__medium-btn .uagb-buttons-repeater.ast-outline-button{padding:12px 24px}.uagb-buttons__outer-wrap.uagb-btn-mobile__large-btn .uagb-buttons-repeater.wp-block-button__link:not(.is-style-outline),.uagb-buttons__outer-wrap.uagb-btn-mobile__large-btn .uagb-buttons-repeater.ast-outline-button{padding:20px 30px}.uagb-buttons__outer-wrap.uagb-btn-mobile__extralarge-btn .uagb-buttons-repeater.wp-block-button__link:not(.is-style-outline),.uagb-buttons__outer-wrap.uagb-btn-mobile__extralarge-btn .uagb-buttons-repeater.ast-outline-button{padding:30px 65px}}.uagb-buttons__outer-wrap .uagb-buttons-repeater{display:flex;justify-content:center;align-items:center;transition:box-shadow .2s ease}.uagb-buttons__outer-wrap .uagb-buttons-repeater a.uagb-button__link{display:flex;justify-content:center}.uagb-buttons__outer-wrap .uagb-buttons-repeater .uagb-button__icon{font-size:inherit;display:flex;align-items:center}.uagb-buttons__outer-wrap .uagb-buttons-repeater .uagb-button__icon svg{fill:currentColor;width:inherit;height:inherit}.uagb-block-af0c3fe9.wp-block-uagb-buttons.uagb-buttons__outer-wrap .uagb-buttons__wrap {gap: 10px;}.uagb-block-af0c3fe9.uagb-buttons__outer-wrap .uagb-buttons__wrap {justify-content: left;align-items: center;}.wp-block-uagb-buttons .uagb-block-c1711223 .uagb-button__wrapper  .uagb-buttons-repeater.wp-block-button__link{box-shadow: 0px 0px 0 #00000026;}.wp-block-uagb-buttons .uagb-block-c1711223 .uagb-button__wrapper  .uagb-buttons-repeater.wp-block-button__link:hover{box-shadow: 0px 0px 0 #00000026;}.wp-block-uagb-buttons .uagb-block-c1711223 .uagb-buttons-repeater.wp-block-button__link{border-top-width: 1px;border-left-width: 1px;border-right-width: 1px;border-bottom-width: 1px;border-color: #333;border-style: solid;}.wp-block-uagb-buttons .uagb-block-c1711223 .uagb-buttons-repeater.wp-block-button__link:hover{border-color: #333;}.wp-block-uagb-buttons .uagb-block-c1711223 .uagb-buttons-repeater.wp-block-button__link:focus{border-color: #333;}.wp-block-uagb-buttons .uagb-block-c1711223.wp-block-button.is-style-outline .uagb-button__wrapper .wp-block-button__link.uagb-buttons-repeater{border-top-width: 1px;border-left-width: 1px;border-right-width: 1px;border-bottom-width: 1px;border-color: #333;border-style: solid;}.wp-block-uagb-buttons .uagb-block-c1711223.wp-block-button.is-style-outline .uagb-button__wrapper .wp-block-button__link.uagb-buttons-repeater:hover{border-color: #333;}.wp-block-uagb-buttons .uagb-block-c1711223 .uagb-buttons-repeater .uagb-button__icon > svg{width: 15px;height: 15px;}.wp-block-uagb-buttons .uagb-block-c1711223 .uagb-buttons-repeater .uagb-button__icon-position-after{margin-left: 8px;}.wp-block-uagb-buttons .uagb-block-c1711223 .uagb-buttons-repeater .uagb-button__icon-position-before{margin-right: 8px;}.wp-block-uagb-buttons .uagb-block-c1711223 .uagb-button__link{text-transform: normal;text-decoration: none;}.wp-block-uagb-buttons .uagb-block-3d890e1c .uagb-button__wrapper  .uagb-buttons-repeater.wp-block-button__link{box-shadow: 0px 0px 0 #00000026;}.wp-block-uagb-buttons .uagb-block-3d890e1c .uagb-button__wrapper  .uagb-buttons-repeater.wp-block-button__link:hover{box-shadow: 0px 0px 0 #00000026;}.wp-block-uagb-buttons .uagb-block-3d890e1c .uagb-buttons-repeater.wp-block-button__link{border-top-width: 1px;border-left-width: 1px;border-right-width: 1px;border-bottom-width: 1px;border-color: #333;border-style: solid;}.wp-block-uagb-buttons .uagb-block-3d890e1c .uagb-buttons-repeater.wp-block-button__link:hover{border-color: #333;}.wp-block-uagb-buttons .uagb-block-3d890e1c .uagb-buttons-repeater.wp-block-button__link:focus{border-color: #333;}.wp-block-uagb-buttons .uagb-block-3d890e1c.wp-block-button.is-style-outline .uagb-button__wrapper .wp-block-button__link.uagb-buttons-repeater{border-top-width: 1px;border-left-width: 1px;border-right-width: 1px;border-bottom-width: 1px;border-color: #333;border-style: solid;}.wp-block-uagb-buttons .uagb-block-3d890e1c.wp-block-button.is-style-outline .uagb-button__wrapper .wp-block-button__link.uagb-buttons-repeater:hover{border-color: #333;}.wp-block-uagb-buttons .uagb-block-3d890e1c .uagb-buttons-repeater .uagb-button__icon > svg{width: 15px;height: 15px;}.wp-block-uagb-buttons .uagb-block-3d890e1c .uagb-buttons-repeater .uagb-button__icon-position-after{margin-left: 8px;}.wp-block-uagb-buttons .uagb-block-3d890e1c .uagb-buttons-repeater .uagb-button__icon-position-before{margin-right: 8px;}.wp-block-uagb-buttons .uagb-block-3d890e1c .uagb-button__link{text-transform: normal;text-decoration: none;}@media only screen and (max-width: 976px) {.uagb-block-af0c3fe9.uagb-buttons__outer-wrap .uagb-buttons__wrap {justify-content: center;align-items: center;}.uagb-block-af0c3fe9.uagb-buttons__outer-wrap .uagb-buttons__wrap .wp-block-button{width: auto;}.wp-block-uagb-buttons .uagb-block-c1711223.wp-block-button.is-style-outline .uagb-button__wrapper .wp-block-button__link.uagb-buttons-repeater{border-style: solid;border-color: #333;}.wp-block-uagb-buttons .uagb-block-c1711223 .uagb-buttons-repeater.wp-block-button__link{border-style: solid;border-color: #333;}.wp-block-uagb-buttons .uagb-block-3d890e1c.wp-block-button.is-style-outline .uagb-button__wrapper .wp-block-button__link.uagb-buttons-repeater{border-style: solid;border-color: #333;}.wp-block-uagb-buttons .uagb-block-3d890e1c .uagb-buttons-repeater.wp-block-button__link{border-style: solid;border-color: #333;}}@media only screen and (max-width: 767px) {.uagb-block-af0c3fe9.uagb-buttons__outer-wrap .uagb-buttons__wrap {justify-content: center;align-items: center;}.uagb-block-af0c3fe9.uagb-buttons__outer-wrap .uagb-buttons__wrap .wp-block-button{width: auto;}.wp-block-uagb-buttons .uagb-block-c1711223.wp-block-button.is-style-outline .uagb-button__wrapper .wp-block-button__link.uagb-buttons-repeater{border-style: solid;border-color: #333;}.wp-block-uagb-buttons .uagb-block-c1711223 .uagb-buttons-repeater.wp-block-button__link{border-style: solid;border-color: #333;}.wp-block-uagb-buttons .uagb-block-3d890e1c.wp-block-button.is-style-outline .uagb-button__wrapper .wp-block-button__link.uagb-buttons-repeater{border-style: solid;border-color: #333;}.wp-block-uagb-buttons .uagb-block-3d890e1c .uagb-buttons-repeater.wp-block-button__link{border-style: solid;border-color: #333;}}\";s:2:\"js\";s:260:\"document.addEventListener(\"DOMContentLoaded\", function(){ window.addEventListener( 'load', function() {\n\tUAGBButtonChild.init( '.uagb-block-c1711223' );\n});\nwindow.addEventListener( 'load', function() {\n\tUAGBButtonChild.init( '.uagb-block-3d890e1c' );\n});\n });\";s:18:\"current_block_list\";a:12:{i:0;s:12:\"uagb\/buttons\";i:1;s:18:\"uagb\/buttons-child\";i:2;s:14:\"core\/paragraph\";i:3;s:12:\"core\/heading\";i:4;s:10:\"core\/image\";i:5;s:10:\"core\/quote\";i:6;s:14:\"core\/footnotes\";i:7;s:9:\"core\/file\";i:8;s:11:\"core\/search\";i:9;s:10:\"core\/group\";i:10;s:17:\"core\/latest-posts\";i:11;s:15:\"core\/categories\";}s:8:\"uag_flag\";b:1;s:11:\"uag_version\";s:10:\"1777500387\";s:6:\"gfonts\";a:1:{s:7:\"Default\";a:2:{s:10:\"fontfamily\";s:7:\"Default\";s:12:\"fontvariants\";a:0:{}}}s:10:\"gfonts_url\";s:0:\"\";s:12:\"gfonts_files\";a:0:{}s:14:\"uag_faq_layout\";b:0;}"]},"uagb_featured_image_src":{"full":false,"thumbnail":false,"medium":false,"medium_large":false,"large":false,"1536x1536":false,"2048x2048":false},"uagb_author_info":{"display_name":"admin","author_link":"https:\/\/revistaece.dataware.cloud\/?author=1"},"uagb_comment_info":0,"uagb_excerpt":"Boris Gonz\u00e1lez Ceja Introducci\u00f3n El trauma es un acto cognitivo que a lo largo de la historia del campo educativo [&hellip;]","_links":{"self":[{"href":"https:\/\/revistaece.dataware.cloud\/index.php?rest_route=\/wp\/v2\/posts\/184","targetHints":{"allow":["GET"]}}],"collection":[{"href":"https:\/\/revistaece.dataware.cloud\/index.php?rest_route=\/wp\/v2\/posts"}],"about":[{"href":"https:\/\/revistaece.dataware.cloud\/index.php?rest_route=\/wp\/v2\/types\/post"}],"author":[{"embeddable":true,"href":"https:\/\/revistaece.dataware.cloud\/index.php?rest_route=\/wp\/v2\/users\/1"}],"replies":[{"embeddable":true,"href":"https:\/\/revistaece.dataware.cloud\/index.php?rest_route=%2Fwp%2Fv2%2Fcomments&post=184"}],"version-history":[{"count":5,"href":"https:\/\/revistaece.dataware.cloud\/index.php?rest_route=\/wp\/v2\/posts\/184\/revisions"}],"predecessor-version":[{"id":274,"href":"https:\/\/revistaece.dataware.cloud\/index.php?rest_route=\/wp\/v2\/posts\/184\/revisions\/274"}],"wp:attachment":[{"href":"https:\/\/revistaece.dataware.cloud\/index.php?rest_route=%2Fwp%2Fv2%2Fmedia&parent=184"}],"wp:term":[{"taxonomy":"category","embeddable":true,"href":"https:\/\/revistaece.dataware.cloud\/index.php?rest_route=%2Fwp%2Fv2%2Fcategories&post=184"},{"taxonomy":"post_tag","embeddable":true,"href":"https:\/\/revistaece.dataware.cloud\/index.php?rest_route=%2Fwp%2Fv2%2Ftags&post=184"}],"curies":[{"name":"wp","href":"https:\/\/api.w.org\/{rel}","templated":true}]}}