{"id":143,"date":"2025-07-01T07:03:00","date_gmt":"2025-07-01T13:03:00","guid":{"rendered":"https:\/\/revistaece.dataware.cloud\/?p=143"},"modified":"2025-07-04T17:19:22","modified_gmt":"2025-07-04T23:19:22","slug":"el-color-como-lenguaje-alternativo-en-la-ensenanza-de-estructuras-matematicas","status":"publish","type":"post","link":"https:\/\/revistaece.dataware.cloud\/?p=143","title":{"rendered":"El color como lenguaje alternativo en la ense\u00f1anza de estructuras matem\u00e1ticas"},"content":{"rendered":"\n<div class=\"wp-block-uagb-buttons uagb-buttons__outer-wrap uagb-btn__default-btn uagb-btn-tablet__default-btn uagb-btn-mobile__default-btn uagb-block-938eaa0e\"><div class=\"uagb-buttons__wrap uagb-buttons-layout-wrap \">\n<div class=\"wp-block-uagb-buttons-child uagb-buttons__outer-wrap uagb-block-aecc9c86 wp-block-button\"><div class=\"uagb-button__wrapper\"><a class=\"uagb-buttons-repeater wp-block-button__link\" aria-label=\"\" href=\"#\" rel=\"follow noopener\" target=\"_self\" role=\"button\"><div class=\"uagb-button__link\">ISSN: <strong>3061-7936<\/strong><\/div><\/a><\/div><\/div>\n\n\n\n<div class=\"wp-block-uagb-buttons-child uagb-buttons__outer-wrap uagb-block-5830c27b wp-block-button\"><div class=\"uagb-button__wrapper\"><a class=\"uagb-buttons-repeater wp-block-button__link\" aria-label=\"\" href=\"#\" rel=\"follow noopener\" target=\"_self\" role=\"button\"><div class=\"uagb-button__link\">DOI: 10.64121\/rece.2025v3.kr002<\/div><\/a><\/div><\/div>\n<\/div><\/div>\n\n\n\n<p><strong>Karim Alan Corona-Hern\u00e1ndez<\/strong><sup data-fn=\"4811374e-bc84-40c3-b26f-5d675036e332\" class=\"fn\"><a href=\"#4811374e-bc84-40c3-b26f-5d675036e332\" id=\"4811374e-bc84-40c3-b26f-5d675036e332-link\">1<\/a><\/sup>, <strong>Rosa Janin Corona-Hern\u00e1ndez<\/strong><sup data-fn=\"2976d790-51f7-4baf-bc07-fc48271f9c8d\" class=\"fn\"><a href=\"#2976d790-51f7-4baf-bc07-fc48271f9c8d\" id=\"2976d790-51f7-4baf-bc07-fc48271f9c8d-link\">2<\/a><\/sup><\/p>\n\n\n\n<h2 class=\"wp-block-heading\"><strong>Introducci\u00f3n<\/strong><\/h2>\n\n\n\n<p>Cuando se piensa en matem\u00e1ticas muchos imaginan un mundo lleno de n\u00fameros fr\u00edos, f\u00f3rmulas interminables y pizarras cubiertas de s\u00edmbolos misteriosos. Pero \u00bfy si las matem\u00e1ticas tambi\u00e9n pudieran ser un espect\u00e1culo de colores? M\u00e1s all\u00e1 de los trazos en blanco y negro existe una herramienta poderosa, capaz de hacer que estructuras complejas se vean m\u00e1s claras y, por qu\u00e9 no, m\u00e1s amigables: el color. Lejos de ser un simple adorno el color puede convertirse en un lenguaje alternativo que conecte la l\u00f3gica matem\u00e1tica con nuestros sentidos, facilitando la comprensi\u00f3n y el disfrute del aprendizaje. Este art\u00edculo explora c\u00f3mo con un poco de ingenio y una paleta crom\u00e1tica bien elegida, es posible transformar la experiencia de aprender matem\u00e1ticas en algo m\u00e1s din\u00e1mico, accesible y, definitivamente, menos intimidante.<\/p>\n\n\n\n<h2 class=\"wp-block-heading\"><strong>El color como lenguaje alternativo en la ense\u00f1anza de estructuras matem\u00e1ticas<\/strong><\/h2>\n\n\n\n<p>La ense\u00f1anza de las matem\u00e1ticas ha enfrentado durante a\u00f1os el desaf\u00edo de ser percibida como una disciplina abstracta, dif\u00edcil y poco atractiva para gran parte de los estudiantes. Ante esta situaci\u00f3n, surge una propuesta innovadora: utilizar <strong>el color como lenguaje alternativo<\/strong> para facilitar la comprensi\u00f3n de <strong>estructuras matem\u00e1ticas<\/strong>. Esta estrategia visual permite reforzar la memoria, favorecer la atenci\u00f3n y construir puentes entre el razonamiento l\u00f3gico y la percepci\u00f3n sensorial.<\/p>\n\n\n\n<h2 class=\"wp-block-heading\"><strong>Importancia del color en el proceso de aprendizaje<\/strong><\/h2>\n\n\n\n<p>Diversas investigaciones en pedagog\u00eda y neurociencia han demostrado que el color activa el sistema nervioso central, genera emociones y favorece la memoria visual. Un estudio publicado en <em>The Journal of Educational Psychology<\/em> (Anderson &amp; Wozniak, 2020) revela que los estudiantes expuestos a material did\u00e1ctico colorido tienen un <strong>15% mejor desempe\u00f1o<\/strong> en pruebas de retenci\u00f3n de informaci\u00f3n que aquellos que usan materiales monocrom\u00e1ticos.<\/p>\n\n\n\n<p>En el contexto matem\u00e1tico, la teor\u00eda del color puede emplearse para:<\/p>\n\n\n\n<ul class=\"wp-block-list\">\n<li><strong>Diferenciar variables<\/strong> en ecuaciones o sistemas.<\/li>\n\n\n\n<li><strong>Visualizar patrones<\/strong> y secuencias en \u00e1lgebra y geometr\u00eda.<\/li>\n\n\n\n<li><strong>Resaltar operaciones<\/strong> matem\u00e1ticas en problemas complejos.<\/li>\n\n\n\n<li><strong>Facilitar la clasificaci\u00f3n<\/strong> y an\u00e1lisis de datos en estad\u00edstica.<\/li>\n<\/ul>\n\n\n\n<h2 class=\"wp-block-heading\"><strong>Aplicaciones pr\u00e1cticas en el aula<\/strong><\/h2>\n\n\n\n<p>El uso del color como herramienta did\u00e1ctica puede llevarse a cabo de diversas maneras:<\/p>\n\n\n\n<ul class=\"wp-block-list\">\n<li>En <strong>geometr\u00eda<\/strong>, asignar colores distintos a los lados, \u00e1ngulos o figuras facilita su identificaci\u00f3n.<\/li>\n\n\n\n<li>En <strong>\u00e1lgebra<\/strong>, el uso de colores para categorizar t\u00e9rminos semejantes simplifica la reducci\u00f3n de expresiones.<\/li>\n\n\n\n<li>En <strong>gr\u00e1ficas estad\u00edsticas<\/strong>, los colores permiten distinguir claramente las diferentes variables o categor\u00edas.<\/li>\n<\/ul>\n\n\n\n<p>Un ejemplo concreto es el caso de una Ecuaci\u00f3n lineal: al colorear de diferentes colores la operaci\u00f3n, el procedimiento y resaltando el resultado, los estudiantes identifican m\u00e1s r\u00e1pidamente los elementos que deben considerarse, disminuyendo errores y fortaleciendo su comprensi\u00f3n conceptual.<\/p>\n\n\n\n<figure class=\"wp-block-image aligncenter size-full is-resized\"><img loading=\"lazy\" decoding=\"async\" width=\"423\" height=\"441\" src=\"https:\/\/revistaece.dataware.cloud\/wp-content\/uploads\/2025\/05\/image.png\" alt=\"\" class=\"wp-image-144\" style=\"width:336px;height:auto\" srcset=\"https:\/\/revistaece.dataware.cloud\/wp-content\/uploads\/2025\/05\/image.png 423w, https:\/\/revistaece.dataware.cloud\/wp-content\/uploads\/2025\/05\/image-288x300.png 288w\" sizes=\"auto, (max-width: 423px) 100vw, 423px\" \/><figcaption class=\"wp-element-caption\"><strong>Ilustraci\u00f3n 1<\/strong>. Configuraci\u00f3n de color en una ecuaci\u00f3n lineal. Elaborada por KACH.<\/figcaption><\/figure>\n\n\n\n<h2 class=\"wp-block-heading\"><strong>Ventajas del color como lenguaje alternativo<\/strong><\/h2>\n\n\n\n<p>La utilizaci\u00f3n de colores como herramienta pedag\u00f3gica presenta diversas ventajas:<\/p>\n\n\n\n<ul class=\"wp-block-list\">\n<li><strong>Est\u00edmulo multisensorial:<\/strong> Mejora la conexi\u00f3n entre la vista y el razonamiento.<\/li>\n\n\n\n<li><strong>Facilitaci\u00f3n de la memoria visual:<\/strong> Al asociar conceptos matem\u00e1ticos con colores espec\u00edficos.<\/li>\n\n\n\n<li><strong>Fomento de la inclusi\u00f3n educativa:<\/strong> Especialmente en estudiantes con dificultades de aprendizaje como dislexia o TDAH.<\/li>\n\n\n\n<li><strong>Incremento de la motivaci\u00f3n:<\/strong> Una clase m\u00e1s din\u00e1mica y atractiva favorece la participaci\u00f3n activa.<\/li>\n<\/ul>\n\n\n\n<h2 class=\"wp-block-heading\"><strong>Encuestas recientes sobre el aprendizaje visual en matem\u00e1ticas<\/strong><\/h2>\n\n\n\n<p>De acuerdo a una encuesta realizada en 2022 por la <em>Organizaci\u00f3n Internacional para la Investigaci\u00f3n Educativa<\/em> (OIRE), aplicada a estudiantes de primaria, secundaria, licenciatura y maestr\u00eda en 15 pa\u00edses, <strong>el 78% de los encuestados<\/strong> afirm\u00f3 que el apoyo visual, incluyendo el uso de colores, mejora su comprensi\u00f3n de conceptos matem\u00e1ticos. Esta tendencia fue particularmente significativa en niveles superiores, donde los temas se vuelven m\u00e1s abstractos.<\/p>\n\n\n\n<h2 class=\"wp-block-heading\"><strong>Aplicaci\u00f3n directa<\/strong><\/h2>\n\n\n\n<p>En el \u00e1mbito de nuestro desarrollo docente se realiz\u00f3 una encuesta en la Universidad Michoacana de San Nicol\u00e1s de Hidalgo.<\/p>\n\n\n\n<p>La gr\u00e1fica, basada en las respuestas de 150 estudiantes de distintos niveles educativos (bachillerato, facultad y maestr\u00eda), muestra que el 50% considera que el uso de c\u00f3digos de colores mejora significativamente la comprensi\u00f3n de temas complejos, ya que les permite desglosar y seguir los procesos con mayor claridad; adem\u00e1s, un 39% reconoce cierta utilidad en algunas ocasiones. Sin embargo, un 7% no ha notado ninguna mejora, y un peque\u00f1o 4% menciona que rara vez percibe una diferencia.<\/p>\n\n\n\n<figure class=\"wp-block-image aligncenter size-full is-resized\"><img loading=\"lazy\" decoding=\"async\" width=\"425\" height=\"421\" src=\"https:\/\/revistaece.dataware.cloud\/wp-content\/uploads\/2025\/05\/image-1.png\" alt=\"\" class=\"wp-image-145\" style=\"width:408px;height:auto\" srcset=\"https:\/\/revistaece.dataware.cloud\/wp-content\/uploads\/2025\/05\/image-1.png 425w, https:\/\/revistaece.dataware.cloud\/wp-content\/uploads\/2025\/05\/image-1-300x297.png 300w, https:\/\/revistaece.dataware.cloud\/wp-content\/uploads\/2025\/05\/image-1-150x150.png 150w\" sizes=\"auto, (max-width: 425px) 100vw, 425px\" \/><figcaption class=\"wp-element-caption\">Ilustraci\u00f3n 2. Gr\u00e1fico de encuesta a los alumnos de diferentes niveles educativos en la Universidad Michoacana de San Nicol\u00e1s de Hidalgo, en 2 periodos, elaborada por RJCH y KACH.<\/figcaption><\/figure>\n\n\n\n<p>Estos resultados reflejan que aunque el uso de c\u00f3digos de colores no es una herramienta universal, s\u00ed representa una estrategia did\u00e1ctica eficaz para una mayor\u00eda significativa de estudiantes, sobre todo en niveles donde comienzan a enfrentarse a conceptos abstractos, por lo que su implementaci\u00f3n puede ser valiosa si se complementa con otras metodolog\u00edas que atiendan diversos estilos de aprendizaje.<\/p>\n\n\n\n<h2 class=\"wp-block-heading\"><strong>Consideraciones metodol\u00f3gicas<\/strong><\/h2>\n\n\n\n<p>Aunque el color representa una herramienta did\u00e1ctica poderosa, su uso debe ser planificado cuidadosamente procurando las siguientes recomendaciones:<\/p>\n\n\n\n<ul class=\"wp-block-list\">\n<li><strong>Coherencia crom\u00e1tica:<\/strong> Mantener un mismo significado para cada color a lo largo de los temas.<\/li>\n\n\n\n<li><strong>Moderaci\u00f3n:<\/strong> Evitar la saturaci\u00f3n visual que pueda generar distracciones.<\/li>\n\n\n\n<li><strong>Accesibilidad:<\/strong> Utilizar combinaciones amigables para personas con daltonismo, como paletas crom\u00e1ticas accesibles (en caso de ser necesario).<\/li>\n<\/ul>\n\n\n\n<h2 class=\"wp-block-heading\"><strong>Reflexi\u00f3n final<\/strong><\/h2>\n\n\n\n<p>La ense\u00f1anza de las matem\u00e1ticas puede ser transformada mediante estrategias innovadoras que reconozcan la diversidad de formas en que los estudiantes perciben y procesan la informaci\u00f3n. El uso del <strong>color como lenguaje alternativo<\/strong> no solo promueve un aprendizaje m\u00e1s significativo y accesible, sino que tambi\u00e9n redefine la manera en que los futuros estudiantes y profesionales interact\u00faan con el mundo num\u00e9rico.<\/p>\n\n\n\n<p>Integrar el color de forma intencional, did\u00e1ctica y cient\u00edfica en las clases de matem\u00e1ticas puede ser un primer paso hacia un enfoque educativo m\u00e1s humano, inclusivo y efectivo. Despu\u00e9s de todo si el conocimiento no debe ser tedioso ni complicado, su adquisici\u00f3n tampoco.<\/p>\n\n\n\n<h2 class=\"wp-block-heading\"><strong>Referencias bibliogr\u00e1ficas<\/strong><\/h2>\n\n\n\n<blockquote class=\"wp-block-quote is-layout-flow wp-block-quote-is-layout-flow\">\n<p><strong><sup>Torres, M. (2020). &#8220;La visualizaci\u00f3n como estrategia en la ense\u00f1anza de las matem\u00e1ticas&#8221;. <\/sup><\/strong><strong><sup>Revista Mexicana de Investigaci\u00f3n Educativa, 25(86), 45-60.<\/sup><\/strong><\/p>\n<\/blockquote>\n\n\n\n<blockquote class=\"wp-block-quote is-layout-flow wp-block-quote-is-layout-flow\">\n<p><strong><sup>Anderson, M., &amp; Wozniak, R. (2020). Color and memory retention in educational settings. The Journal of Educational Psychology.<\/sup><\/strong><\/p>\n<\/blockquote>\n\n\n\n<blockquote class=\"wp-block-quote is-layout-flow wp-block-quote-is-layout-flow\">\n<p><strong><sup>Organizaci\u00f3n Internacional para la Investigaci\u00f3n Educativa (OIRE). (2022). <em>Encuesta sobre t\u00e9cnicas visuales en el aprendizaje matem\u00e1tico<\/em>. [https:\/\/oire-education.org\/encuesta2022]<\/sup><\/strong><\/p>\n<\/blockquote>\n\n\n\n<blockquote class=\"wp-block-quote is-layout-flow wp-block-quote-is-layout-flow\">\n<p><strong><sup>Mayte. (2020, octubre 21). <em>Los grandes amigos de las matem\u00e1ticas: los colores<\/em>. Escuelainfantiltrastes.es. <\/sup><\/strong><a href=\"https:\/\/escuelainfantiltrastes.es\/los-grandes-amigos-de-las-matematicas-los-colores\/\"><strong><sup>https:\/\/escuelainfantiltrastes.es\/los-grandes-amigos-de-las-matematicas-los-colores\/<\/sup><\/strong><\/a><\/p>\n<\/blockquote>\n\n\n\n<blockquote class=\"wp-block-quote is-layout-flow wp-block-quote-is-layout-flow\">\n<p><strong><sup>Garc\u00eda Mart\u00ednez, Liz (2024-05) El color como herramienta de ense\u00f1anza en matem\u00e1ticas.&nbsp; Recuperado de: https:\/\/hdl.handle.net\/20.500.12495\/12406<\/sup><\/strong><\/p>\n<\/blockquote>\n\n\n\n<h2 class=\"wp-block-heading\">Datos de Autor<\/h2>\n\n\n\n<p><\/p>\n\n\n<ol class=\"wp-block-footnotes\"><li id=\"4811374e-bc84-40c3-b26f-5d675036e332\"><sup>Docente en el \u00e1rea de Ciencias Matem\u00e1ticas, Ingenier\u00eda y Arquitectura en la Preparatoria Melchor Ocampo de la Universidad Michoacana de San Nicol\u00e1s de Hidalgo. <\/sup><br><sup>Contacto<\/sup>:<sup><sup> <\/sup><a href=\"mailto:karim.corona@umich.mx\"><sup>karim.corona@umich.mx<\/sup><\/a><\/sup> <a href=\"#4811374e-bc84-40c3-b26f-5d675036e332-link\" aria-label=\"Saltar a la referencia de la nota al pie 1\">\u21a9\ufe0e<\/a><\/li><li id=\"2976d790-51f7-4baf-bc07-fc48271f9c8d\"><sup>Docente en el \u00e1rea de Ciencias Sociales, imparte Historia Universal, Literatura M\u00e9xicana, Literatura Universal, An\u00e1lisis de Textos Literarios, \u00c9tica, Cultura Jur\u00eddica,\u00a0 y Econom\u00eda Pol\u00edtica en el Colegio Primitivo de San Nicol\u00e1s de la Universidad Michoacana de San Nicol\u00e1s de Hidalgo.<\/sup><br><sup>Contacto: <\/sup><a href=\"mailto:rosa.corona@umich.mx\"><sup>rosa.corona@umich.mx<\/sup><\/a> <a href=\"#2976d790-51f7-4baf-bc07-fc48271f9c8d-link\" aria-label=\"Saltar a la referencia de la nota al pie 2\">\u21a9\ufe0e<\/a><\/li><\/ol>\n\n\n<p><strong>Recibido: <\/strong>7 de abril de 2025<\/p>\n\n\n\n<p><strong>Aceptado:<\/strong> 28 de abril de 2025<\/p>\n\n\n\n<div data-wp-interactive=\"core\/file\" class=\"wp-block-file\"><object data-wp-bind--hidden=\"!state.hasPdfPreview\" hidden class=\"wp-block-file__embed\" data=\"https:\/\/revistaece.dataware.cloud\/wp-content\/uploads\/2025\/07\/A2-rebista-pdf-Color-matematicas-1.pdf\" type=\"application\/pdf\" style=\"width:100%;height:600px\" aria-label=\"Incrustado de A2-rebista pdf-Color matema\u0301ticas.\"><\/object><a id=\"wp-block-file--media-d82088f0-bdb6-4028-b435-ee2ef500a42e\" href=\"https:\/\/revistaece.dataware.cloud\/wp-content\/uploads\/2025\/07\/A2-rebista-pdf-Color-matematicas-1.pdf\">A2-rebista pdf-Color matema\u0301ticas<\/a><a href=\"https:\/\/revistaece.dataware.cloud\/wp-content\/uploads\/2025\/07\/A2-rebista-pdf-Color-matematicas-1.pdf\" class=\"wp-block-file__button wp-element-button\" download aria-describedby=\"wp-block-file--media-d82088f0-bdb6-4028-b435-ee2ef500a42e\">Descarga<\/a><\/div>\n\n\n\n<p><\/p>\n","protected":false},"excerpt":{"rendered":"<p>Karim Alan Corona-Hern\u00e1ndez, Rosa Janin Corona-Hern\u00e1ndez Introducci\u00f3n Cuando se piensa en matem\u00e1ticas muchos imaginan un mundo lleno de n\u00fameros fr\u00edos, [&hellip;]<\/p>\n","protected":false},"author":1,"featured_media":0,"comment_status":"closed","ping_status":"closed","sticky":false,"template":"","format":"standard","meta":{"_uag_custom_page_level_css":"","site-sidebar-layout":"default","site-content-layout":"","ast-site-content-layout":"default","site-content-style":"default","site-sidebar-style":"default","ast-global-header-display":"","ast-banner-title-visibility":"","ast-main-header-display":"","ast-hfb-above-header-display":"","ast-hfb-below-header-display":"","ast-hfb-mobile-header-display":"","site-post-title":"","ast-breadcrumbs-content":"","ast-featured-img":"","footer-sml-layout":"","ast-disable-related-posts":"","theme-transparent-header-meta":"","adv-header-id-meta":"","stick-header-meta":"","header-above-stick-meta":"","header-main-stick-meta":"","header-below-stick-meta":"","astra-migrate-meta-layouts":"default","ast-page-background-enabled":"default","ast-page-background-meta":{"desktop":{"background-color":"var(--ast-global-color-5)","background-image":"","background-repeat":"repeat","background-position":"center center","background-size":"auto","background-attachment":"scroll","background-type":"","background-media":"","overlay-type":"","overlay-color":"","overlay-opacity":"","overlay-gradient":""},"tablet":{"background-color":"","background-image":"","background-repeat":"repeat","background-position":"center center","background-size":"auto","background-attachment":"scroll","background-type":"","background-media":"","overlay-type":"","overlay-color":"","overlay-opacity":"","overlay-gradient":""},"mobile":{"background-color":"","background-image":"","background-repeat":"repeat","background-position":"center center","background-size":"auto","background-attachment":"scroll","background-type":"","background-media":"","overlay-type":"","overlay-color":"","overlay-opacity":"","overlay-gradient":""}},"ast-content-background-meta":{"desktop":{"background-color":"var(--ast-global-color-4)","background-image":"","background-repeat":"repeat","background-position":"center center","background-size":"auto","background-attachment":"scroll","background-type":"","background-media":"","overlay-type":"","overlay-color":"","overlay-opacity":"","overlay-gradient":""},"tablet":{"background-color":"var(--ast-global-color-4)","background-image":"","background-repeat":"repeat","background-position":"center center","background-size":"auto","background-attachment":"scroll","background-type":"","background-media":"","overlay-type":"","overlay-color":"","overlay-opacity":"","overlay-gradient":""},"mobile":{"background-color":"var(--ast-global-color-4)","background-image":"","background-repeat":"repeat","background-position":"center center","background-size":"auto","background-attachment":"scroll","background-type":"","background-media":"","overlay-type":"","overlay-color":"","overlay-opacity":"","overlay-gradient":""}},"footnotes":"[{\"content\":\"<sup>Docente en el \u00e1rea de Ciencias Matem\u00e1ticas, Ingenier\u00eda y Arquitectura en la Preparatoria Melchor Ocampo de la Universidad Michoacana de San Nicol\u00e1s de Hidalgo. <\/sup><br><sup>Contacto<\/sup>:<sup><sup> <\/sup><a href=\\\"mailto:karim.corona@umich.mx\\\"><sup>karim.corona@umich.mx<\/sup><\/a><\/sup>\",\"id\":\"4811374e-bc84-40c3-b26f-5d675036e332\"},{\"content\":\"<sup>Docente en el \u00e1rea de Ciencias Sociales, imparte Historia Universal, Literatura M\u00e9xicana, Literatura Universal, An\u00e1lisis de Textos Literarios, \u00c9tica, Cultura Jur\u00eddica,\u00a0 y Econom\u00eda Pol\u00edtica en el Colegio Primitivo de San Nicol\u00e1s de la Universidad Michoacana de San Nicol\u00e1s de Hidalgo.<\/sup><br><sup>Contacto: <\/sup><a href=\\\"mailto:rosa.corona@umich.mx\\\"><sup>rosa.corona@umich.mx<\/sup><\/a>\",\"id\":\"2976d790-51f7-4baf-bc07-fc48271f9c8d\"}]"},"categories":[35],"tags":[64,51,14],"class_list":["post-143","post","type-post","status-publish","format-standard","hentry","category-julio-diciembre-2025","tag-educacion","tag-matematicas","tag-neuroeducacion"],"spectra_custom_meta":{"_edit_lock":["1751671172:1"],"footnotes":["[{\"content\":\"<sup>Docente en el \u00e1rea de Ciencias Matem\u00e1ticas, Ingenier\u00eda y Arquitectura en la Preparatoria Melchor Ocampo de la Universidad Michoacana de San Nicol\u00e1s de Hidalgo. <\/sup><br><sup>Contacto<\/sup>:<sup><sup> <\/sup><a href=\\\"mailto:karim.corona@umich.mx\\\"><sup>karim.corona@umich.mx<\/sup><\/a><\/sup>\",\"id\":\"4811374e-bc84-40c3-b26f-5d675036e332\"},{\"content\":\"<sup>Docente en el \u00e1rea de Ciencias Sociales, imparte Historia Universal, Literatura M\u00e9xicana, Literatura Universal, An\u00e1lisis de Textos Literarios, \u00c9tica, Cultura Jur\u00eddica,\u00a0 y Econom\u00eda Pol\u00edtica en el Colegio Primitivo de San Nicol\u00e1s de la Universidad Michoacana de San Nicol\u00e1s de Hidalgo.<\/sup><br><sup>Contacto: <\/sup><a href=\\\"mailto:rosa.corona@umich.mx\\\"><sup>rosa.corona@umich.mx<\/sup><\/a>\",\"id\":\"2976d790-51f7-4baf-bc07-fc48271f9c8d\"}]"],"_edit_last":["1"],"_wp_page_template":["default"],"_uagb_previous_block_counts":["a:90:{s:21:\"uagb\/advanced-heading\";i:0;s:15:\"uagb\/blockquote\";i:0;s:12:\"uagb\/buttons\";i:1;s:18:\"uagb\/buttons-child\";i:2;s:19:\"uagb\/call-to-action\";i:0;s:15:\"uagb\/cf7-styler\";i:0;s:11:\"uagb\/column\";i:0;s:12:\"uagb\/columns\";i:0;s:14:\"uagb\/container\";i:0;s:21:\"uagb\/content-timeline\";i:0;s:27:\"uagb\/content-timeline-child\";i:0;s:14:\"uagb\/countdown\";i:0;s:12:\"uagb\/counter\";i:0;s:8:\"uagb\/faq\";i:0;s:14:\"uagb\/faq-child\";i:0;s:10:\"uagb\/forms\";i:0;s:17:\"uagb\/forms-accept\";i:0;s:19:\"uagb\/forms-checkbox\";i:0;s:15:\"uagb\/forms-date\";i:0;s:16:\"uagb\/forms-email\";i:0;s:17:\"uagb\/forms-hidden\";i:0;s:15:\"uagb\/forms-name\";i:0;s:16:\"uagb\/forms-phone\";i:0;s:16:\"uagb\/forms-radio\";i:0;s:17:\"uagb\/forms-select\";i:0;s:19:\"uagb\/forms-textarea\";i:0;s:17:\"uagb\/forms-toggle\";i:0;s:14:\"uagb\/forms-url\";i:0;s:14:\"uagb\/gf-styler\";i:0;s:15:\"uagb\/google-map\";i:0;s:11:\"uagb\/how-to\";i:0;s:16:\"uagb\/how-to-step\";i:0;s:9:\"uagb\/icon\";i:0;s:14:\"uagb\/icon-list\";i:0;s:20:\"uagb\/icon-list-child\";i:0;s:10:\"uagb\/image\";i:0;s:18:\"uagb\/image-gallery\";i:0;s:13:\"uagb\/info-box\";i:0;s:18:\"uagb\/inline-notice\";i:0;s:11:\"uagb\/lottie\";i:0;s:21:\"uagb\/marketing-button\";i:0;s:10:\"uagb\/modal\";i:0;s:18:\"uagb\/popup-builder\";i:0;s:16:\"uagb\/post-button\";i:0;s:18:\"uagb\/post-carousel\";i:0;s:17:\"uagb\/post-excerpt\";i:0;s:14:\"uagb\/post-grid\";i:0;s:15:\"uagb\/post-image\";i:0;s:17:\"uagb\/post-masonry\";i:0;s:14:\"uagb\/post-meta\";i:0;s:18:\"uagb\/post-taxonomy\";i:0;s:18:\"uagb\/post-timeline\";i:0;s:15:\"uagb\/post-title\";i:0;s:20:\"uagb\/restaurant-menu\";i:0;s:26:\"uagb\/restaurant-menu-child\";i:0;s:11:\"uagb\/review\";i:0;s:12:\"uagb\/section\";i:0;s:14:\"uagb\/separator\";i:0;s:11:\"uagb\/slider\";i:0;s:17:\"uagb\/slider-child\";i:0;s:17:\"uagb\/social-share\";i:0;s:23:\"uagb\/social-share-child\";i:0;s:16:\"uagb\/star-rating\";i:0;s:23:\"uagb\/sure-cart-checkout\";i:0;s:22:\"uagb\/sure-cart-product\";i:0;s:15:\"uagb\/sure-forms\";i:0;s:22:\"uagb\/table-of-contents\";i:0;s:9:\"uagb\/tabs\";i:0;s:15:\"uagb\/tabs-child\";i:0;s:18:\"uagb\/taxonomy-list\";i:0;s:9:\"uagb\/team\";i:0;s:16:\"uagb\/testimonial\";i:0;s:14:\"uagb\/wp-search\";i:0;s:19:\"uagb\/instagram-feed\";i:0;s:10:\"uagb\/login\";i:0;s:17:\"uagb\/loop-builder\";i:0;s:18:\"uagb\/loop-category\";i:0;s:20:\"uagb\/loop-pagination\";i:0;s:15:\"uagb\/loop-reset\";i:0;s:16:\"uagb\/loop-search\";i:0;s:14:\"uagb\/loop-sort\";i:0;s:17:\"uagb\/loop-wrapper\";i:0;s:13:\"uagb\/register\";i:0;s:19:\"uagb\/register-email\";i:0;s:24:\"uagb\/register-first-name\";i:0;s:23:\"uagb\/register-last-name\";i:0;s:22:\"uagb\/register-password\";i:0;s:30:\"uagb\/register-reenter-password\";i:0;s:19:\"uagb\/register-terms\";i:0;s:22:\"uagb\/register-username\";i:0;}"],"_uag_css_file_name":["uag-css-143.css"],"_uag_js_file_name":["uag-js-143.js"],"_uagb_last_spectra_edit":["1776758939"],"_uag_page_assets":["a:9:{s:3:\"css\";s:8685:\".uagb-buttons__outer-wrap .uagb-buttons__wrap{display:inline-flex;width:100%}.uagb-buttons__outer-wrap.uagb-btn__small-btn .uagb-buttons-repeater.wp-block-button__link:not(.is-style-outline),.uagb-buttons__outer-wrap.uagb-btn__small-btn .uagb-buttons-repeater.ast-outline-button{padding:5px 10px}.uagb-buttons__outer-wrap.uagb-btn__medium-btn .uagb-buttons-repeater.wp-block-button__link:not(.is-style-outline),.uagb-buttons__outer-wrap.uagb-btn__medium-btn .uagb-buttons-repeater.ast-outline-button{padding:12px 24px}.uagb-buttons__outer-wrap.uagb-btn__large-btn .uagb-buttons-repeater.wp-block-button__link:not(.is-style-outline),.uagb-buttons__outer-wrap.uagb-btn__large-btn .uagb-buttons-repeater.ast-outline-button{padding:20px 30px}.uagb-buttons__outer-wrap.uagb-btn__extralarge-btn .uagb-buttons-repeater.wp-block-button__link:not(.is-style-outline),.uagb-buttons__outer-wrap.uagb-btn__extralarge-btn .uagb-buttons-repeater.ast-outline-button{padding:30px 65px}@media(max-width: 976px){.uagb-buttons__outer-wrap.uagb-btn-tablet__small-btn .uagb-buttons-repeater.wp-block-button__link:not(.is-style-outline),.uagb-buttons__outer-wrap.uagb-btn-tablet__small-btn .uagb-buttons-repeater.ast-outline-button{padding:5px 10px}.uagb-buttons__outer-wrap.uagb-btn-tablet__medium-btn .uagb-buttons-repeater.wp-block-button__link:not(.is-style-outline),.uagb-buttons__outer-wrap.uagb-btn-tablet__medium-btn .uagb-buttons-repeater.ast-outline-button{padding:12px 24px}.uagb-buttons__outer-wrap.uagb-btn-tablet__large-btn .uagb-buttons-repeater.wp-block-button__link:not(.is-style-outline),.uagb-buttons__outer-wrap.uagb-btn-tablet__large-btn .uagb-buttons-repeater.ast-outline-button{padding:20px 30px}.uagb-buttons__outer-wrap.uagb-btn-tablet__extralarge-btn .uagb-buttons-repeater.wp-block-button__link:not(.is-style-outline),.uagb-buttons__outer-wrap.uagb-btn-tablet__extralarge-btn .uagb-buttons-repeater.ast-outline-button{padding:30px 65px}}@media(max-width: 767px){.uagb-buttons__outer-wrap.uagb-btn-mobile__small-btn .uagb-buttons-repeater.wp-block-button__link:not(.is-style-outline),.uagb-buttons__outer-wrap.uagb-btn-mobile__small-btn .uagb-buttons-repeater.ast-outline-button{padding:5px 10px}.uagb-buttons__outer-wrap.uagb-btn-mobile__medium-btn .uagb-buttons-repeater.wp-block-button__link:not(.is-style-outline),.uagb-buttons__outer-wrap.uagb-btn-mobile__medium-btn .uagb-buttons-repeater.ast-outline-button{padding:12px 24px}.uagb-buttons__outer-wrap.uagb-btn-mobile__large-btn .uagb-buttons-repeater.wp-block-button__link:not(.is-style-outline),.uagb-buttons__outer-wrap.uagb-btn-mobile__large-btn .uagb-buttons-repeater.ast-outline-button{padding:20px 30px}.uagb-buttons__outer-wrap.uagb-btn-mobile__extralarge-btn .uagb-buttons-repeater.wp-block-button__link:not(.is-style-outline),.uagb-buttons__outer-wrap.uagb-btn-mobile__extralarge-btn .uagb-buttons-repeater.ast-outline-button{padding:30px 65px}}.uagb-buttons__outer-wrap .uagb-buttons-repeater{display:flex;justify-content:center;align-items:center;transition:box-shadow .2s ease}.uagb-buttons__outer-wrap .uagb-buttons-repeater a.uagb-button__link{display:flex;justify-content:center}.uagb-buttons__outer-wrap .uagb-buttons-repeater .uagb-button__icon{font-size:inherit;display:flex;align-items:center}.uagb-buttons__outer-wrap .uagb-buttons-repeater .uagb-button__icon svg{fill:currentColor;width:inherit;height:inherit}.uagb-block-938eaa0e.wp-block-uagb-buttons.uagb-buttons__outer-wrap .uagb-buttons__wrap {gap: 10px;}.uagb-block-938eaa0e.uagb-buttons__outer-wrap .uagb-buttons__wrap {justify-content: left;align-items: center;}.wp-block-uagb-buttons .uagb-block-aecc9c86 .uagb-button__wrapper  .uagb-buttons-repeater.wp-block-button__link{box-shadow: 0px 0px 0 #00000026;}.wp-block-uagb-buttons .uagb-block-aecc9c86 .uagb-button__wrapper  .uagb-buttons-repeater.wp-block-button__link:hover{box-shadow: 0px 0px 0 #00000026;}.wp-block-uagb-buttons .uagb-block-aecc9c86 .uagb-buttons-repeater.wp-block-button__link{border-top-width: 1px;border-left-width: 1px;border-right-width: 1px;border-bottom-width: 1px;border-color: #333;border-style: solid;}.wp-block-uagb-buttons .uagb-block-aecc9c86 .uagb-buttons-repeater.wp-block-button__link:hover{border-color: #333;}.wp-block-uagb-buttons .uagb-block-aecc9c86 .uagb-buttons-repeater.wp-block-button__link:focus{border-color: #333;}.wp-block-uagb-buttons .uagb-block-aecc9c86.wp-block-button.is-style-outline .uagb-button__wrapper .wp-block-button__link.uagb-buttons-repeater{border-top-width: 1px;border-left-width: 1px;border-right-width: 1px;border-bottom-width: 1px;border-color: #333;border-style: solid;}.wp-block-uagb-buttons .uagb-block-aecc9c86.wp-block-button.is-style-outline .uagb-button__wrapper .wp-block-button__link.uagb-buttons-repeater:hover{border-color: #333;}.wp-block-uagb-buttons .uagb-block-aecc9c86 .uagb-buttons-repeater .uagb-button__icon > svg{width: 15px;height: 15px;}.wp-block-uagb-buttons .uagb-block-aecc9c86 .uagb-buttons-repeater .uagb-button__icon-position-after{margin-left: 8px;}.wp-block-uagb-buttons .uagb-block-aecc9c86 .uagb-buttons-repeater .uagb-button__icon-position-before{margin-right: 8px;}.wp-block-uagb-buttons .uagb-block-aecc9c86 .uagb-button__link{text-transform: normal;text-decoration: none;}.wp-block-uagb-buttons .uagb-block-5830c27b .uagb-button__wrapper  .uagb-buttons-repeater.wp-block-button__link{box-shadow: 0px 0px 0 #00000026;}.wp-block-uagb-buttons .uagb-block-5830c27b .uagb-button__wrapper  .uagb-buttons-repeater.wp-block-button__link:hover{box-shadow: 0px 0px 0 #00000026;}.wp-block-uagb-buttons .uagb-block-5830c27b .uagb-buttons-repeater.wp-block-button__link{border-top-width: 1px;border-left-width: 1px;border-right-width: 1px;border-bottom-width: 1px;border-color: #333;border-style: solid;}.wp-block-uagb-buttons .uagb-block-5830c27b .uagb-buttons-repeater.wp-block-button__link:hover{border-color: #333;}.wp-block-uagb-buttons .uagb-block-5830c27b .uagb-buttons-repeater.wp-block-button__link:focus{border-color: #333;}.wp-block-uagb-buttons .uagb-block-5830c27b.wp-block-button.is-style-outline .uagb-button__wrapper .wp-block-button__link.uagb-buttons-repeater{border-top-width: 1px;border-left-width: 1px;border-right-width: 1px;border-bottom-width: 1px;border-color: #333;border-style: solid;}.wp-block-uagb-buttons .uagb-block-5830c27b.wp-block-button.is-style-outline .uagb-button__wrapper .wp-block-button__link.uagb-buttons-repeater:hover{border-color: #333;}.wp-block-uagb-buttons .uagb-block-5830c27b .uagb-buttons-repeater .uagb-button__icon > svg{width: 15px;height: 15px;}.wp-block-uagb-buttons .uagb-block-5830c27b .uagb-buttons-repeater .uagb-button__icon-position-after{margin-left: 8px;}.wp-block-uagb-buttons .uagb-block-5830c27b .uagb-buttons-repeater .uagb-button__icon-position-before{margin-right: 8px;}.wp-block-uagb-buttons .uagb-block-5830c27b .uagb-button__link{text-transform: normal;text-decoration: none;}@media only screen and (max-width: 976px) {.uagb-block-938eaa0e.uagb-buttons__outer-wrap .uagb-buttons__wrap {justify-content: center;align-items: center;}.uagb-block-938eaa0e.uagb-buttons__outer-wrap .uagb-buttons__wrap .wp-block-button{width: auto;}.wp-block-uagb-buttons .uagb-block-aecc9c86.wp-block-button.is-style-outline .uagb-button__wrapper .wp-block-button__link.uagb-buttons-repeater{border-style: solid;border-color: #333;}.wp-block-uagb-buttons .uagb-block-aecc9c86 .uagb-buttons-repeater.wp-block-button__link{border-style: solid;border-color: #333;}.wp-block-uagb-buttons .uagb-block-5830c27b.wp-block-button.is-style-outline .uagb-button__wrapper .wp-block-button__link.uagb-buttons-repeater{border-style: solid;border-color: #333;}.wp-block-uagb-buttons .uagb-block-5830c27b .uagb-buttons-repeater.wp-block-button__link{border-style: solid;border-color: #333;}}@media only screen and (max-width: 767px) {.uagb-block-938eaa0e.uagb-buttons__outer-wrap .uagb-buttons__wrap {justify-content: center;align-items: center;}.uagb-block-938eaa0e.uagb-buttons__outer-wrap .uagb-buttons__wrap .wp-block-button{width: auto;}.wp-block-uagb-buttons .uagb-block-aecc9c86.wp-block-button.is-style-outline .uagb-button__wrapper .wp-block-button__link.uagb-buttons-repeater{border-style: solid;border-color: #333;}.wp-block-uagb-buttons .uagb-block-aecc9c86 .uagb-buttons-repeater.wp-block-button__link{border-style: solid;border-color: #333;}.wp-block-uagb-buttons .uagb-block-5830c27b.wp-block-button.is-style-outline .uagb-button__wrapper .wp-block-button__link.uagb-buttons-repeater{border-style: solid;border-color: #333;}.wp-block-uagb-buttons .uagb-block-5830c27b .uagb-buttons-repeater.wp-block-button__link{border-style: solid;border-color: #333;}}\";s:2:\"js\";s:260:\"document.addEventListener(\"DOMContentLoaded\", function(){ window.addEventListener( 'load', function() {\n\tUAGBButtonChild.init( '.uagb-block-aecc9c86' );\n});\nwindow.addEventListener( 'load', function() {\n\tUAGBButtonChild.init( '.uagb-block-5830c27b' );\n});\n });\";s:18:\"current_block_list\";a:14:{i:0;s:12:\"uagb\/buttons\";i:1;s:18:\"uagb\/buttons-child\";i:2;s:14:\"core\/paragraph\";i:3;s:12:\"core\/heading\";i:4;s:9:\"core\/list\";i:5;s:14:\"core\/list-item\";i:6;s:10:\"core\/image\";i:7;s:10:\"core\/quote\";i:8;s:14:\"core\/footnotes\";i:9;s:9:\"core\/file\";i:10;s:11:\"core\/search\";i:11;s:10:\"core\/group\";i:12;s:17:\"core\/latest-posts\";i:13;s:15:\"core\/categories\";}s:8:\"uag_flag\";b:1;s:11:\"uag_version\";s:10:\"1777500387\";s:6:\"gfonts\";a:1:{s:7:\"Default\";a:2:{s:10:\"fontfamily\";s:7:\"Default\";s:12:\"fontvariants\";a:0:{}}}s:10:\"gfonts_url\";s:0:\"\";s:12:\"gfonts_files\";a:0:{}s:14:\"uag_faq_layout\";b:0;}"]},"uagb_featured_image_src":{"full":false,"thumbnail":false,"medium":false,"medium_large":false,"large":false,"1536x1536":false,"2048x2048":false},"uagb_author_info":{"display_name":"admin","author_link":"https:\/\/revistaece.dataware.cloud\/?author=1"},"uagb_comment_info":0,"uagb_excerpt":"Karim Alan Corona-Hern\u00e1ndez, Rosa Janin Corona-Hern\u00e1ndez Introducci\u00f3n Cuando se piensa en matem\u00e1ticas muchos imaginan un mundo lleno de n\u00fameros fr\u00edos, [&hellip;]","_links":{"self":[{"href":"https:\/\/revistaece.dataware.cloud\/index.php?rest_route=\/wp\/v2\/posts\/143","targetHints":{"allow":["GET"]}}],"collection":[{"href":"https:\/\/revistaece.dataware.cloud\/index.php?rest_route=\/wp\/v2\/posts"}],"about":[{"href":"https:\/\/revistaece.dataware.cloud\/index.php?rest_route=\/wp\/v2\/types\/post"}],"author":[{"embeddable":true,"href":"https:\/\/revistaece.dataware.cloud\/index.php?rest_route=\/wp\/v2\/users\/1"}],"replies":[{"embeddable":true,"href":"https:\/\/revistaece.dataware.cloud\/index.php?rest_route=%2Fwp%2Fv2%2Fcomments&post=143"}],"version-history":[{"count":7,"href":"https:\/\/revistaece.dataware.cloud\/index.php?rest_route=\/wp\/v2\/posts\/143\/revisions"}],"predecessor-version":[{"id":281,"href":"https:\/\/revistaece.dataware.cloud\/index.php?rest_route=\/wp\/v2\/posts\/143\/revisions\/281"}],"wp:attachment":[{"href":"https:\/\/revistaece.dataware.cloud\/index.php?rest_route=%2Fwp%2Fv2%2Fmedia&parent=143"}],"wp:term":[{"taxonomy":"category","embeddable":true,"href":"https:\/\/revistaece.dataware.cloud\/index.php?rest_route=%2Fwp%2Fv2%2Fcategories&post=143"},{"taxonomy":"post_tag","embeddable":true,"href":"https:\/\/revistaece.dataware.cloud\/index.php?rest_route=%2Fwp%2Fv2%2Ftags&post=143"}],"curies":[{"name":"wp","href":"https:\/\/api.w.org\/{rel}","templated":true}]}}